{"id":4934,"date":"2017-03-15T10:11:00","date_gmt":"2017-03-15T10:11:00","guid":{"rendered":"http:\/\/www.mertcanpolat.com.tr\/dev\/index.php\/2017\/03\/15\/bakan-kilic-bugun-yalovada\/"},"modified":"2017-03-15T10:11:00","modified_gmt":"2017-03-15T10:11:00","slug":"bakan-kilic-bugun-yalovada","status":"publish","type":"post","link":"http:\/\/www.mertcanpolat.com.tr\/dev\/bakan-kilic-bugun-yalovada\/","title":{"rendered":"BAKAN KILI\u00c7, BUG\u00dcN YALOVA&#39;DA"},"content":{"rendered":"<p><b>Gen\u00e7lik ve Spor Bakan\u0131 Akif \u00c7a\u011fatay K\u0131l\u0131\u00e7, bug\u00fcn \u00e7e\u015fitli temaslarda bulunmak \u00fczere Yalova\u2019ya geliyor.<\/b>   <\/p>\n<p> <span style=\"font-size:14px;\">Bakan K\u0131l\u0131\u00e7, 13.00\u2019te gelece\u011fi Yalova\u2019da ilk olarak valili\u011fi ziyaret edecek. Buradaki ziyaretinin ard\u0131ndan Yal\u0131 Caddesi\u2019nde bulunan G\u00fcven Lokantas\u0131\u2019nda \u00f6\u011fle yeme\u011fi yiyecek olan Akif \u00c7a\u011fatay K\u0131l\u0131\u00e7, Cumhuriyet Caddesi\u2019nde esnaf ziyaretinde bulunacak ve Ak Parti se\u00e7im irtibat b\u00fcrosunun a\u00e7\u0131l\u0131\u015f\u0131n\u0131 yapacak.<\/span> <\/p>\n<p> <span style=\"font-size:14px;\">Bakan K\u0131l\u0131\u00e7\u2019\u0131n Yalova\u2019daki bir sonraki dura\u011f\u0131 ise Halk E\u011fitim Merkezi Konferans Salonu olacak. Yalova\u2019daki amat\u00f6r spor kul\u00fcpleri ve sporcularla saat 15.30\u2019da bir araya gelecek olan K\u0131l\u0131\u00e7, 17.00\u2019de Alt\u0131nova\u2019ya ge\u00e7erek spor tesislerini hizmete sunacak. K\u0131l\u0131\u00e7, 18.15\u2019de de Alt\u0131nova D\u00fc\u011f\u00fcn Salonu\u2019nda \u2018Gen\u00e7 K\u00fcrs\u00fc\u2019 program\u0131n kat\u0131lacak. Saat 19.30\u2019da \u00c7iftlikk\u00f6y\u2019e ge\u00e7ecek olan K\u0131l\u0131\u00e7, Yalova\u2019daki son program\u0131nda \u00c7iftlikk\u00f6y Belediye D\u00fc\u011f\u00fcn Salonu\u2019nda sivil toplum kurulu\u015flar\u0131 temsilcileri ve muhtarlarla bir araya gelecek.<\/span> <\/p>\n","protected":false},"excerpt":{"rendered":"<p>Gen\u00e7lik ve Spor Bakan\u0131 Akif \u00c7a\u011fatay K\u0131l\u0131\u00e7, bug\u00fcn \u00e7e\u015fitli temaslarda bulunmak \u00fczere Yalova\u2019ya geliyor. Bakan K\u0131l\u0131\u00e7, 13.00\u2019te gelece\u011fi Yalova\u2019da ilk<\/p>\n","protected":false},"author":1,"featured_media":4935,"comment_status":"open","ping_status":"open","sticky":false,"template":"","format":"standard","meta":[],"categories":[1],"tags":[],"_links":{"self":[{"href":"http:\/\/www.mertcanpolat.com.tr\/dev\/wp-json\/wp\/v2\/posts\/4934"}],"collection":[{"href":"http:\/\/www.mertcanpolat.com.tr\/dev\/wp-json\/wp\/v2\/posts"}],"about":[{"href":"http:\/\/www.mertcanpolat.com.tr\/dev\/wp-json\/wp\/v2\/types\/post"}],"author":[{"embeddable":true,"href":"http:\/\/www.mertcanpolat.com.tr\/dev\/wp-json\/wp\/v2\/users\/1"}],"replies":[{"embeddable":true,"href":"http:\/\/www.mertcanpolat.com.tr\/dev\/wp-json\/wp\/v2\/comments?post=4934"}],"version-history":[{"count":0,"href":"http:\/\/www.mertcanpolat.com.tr\/dev\/wp-json\/wp\/v2\/posts\/4934\/revisions"}],"wp:featuredmedia":[{"embeddable":true,"href":"http:\/\/www.mertcanpolat.com.tr\/dev\/wp-json\/wp\/v2\/media\/4935"}],"wp:attachment":[{"href":"http:\/\/www.mertcanpolat.com.tr\/dev\/wp-json\/wp\/v2\/media?parent=4934"}],"wp:term":[{"taxonomy":"category","embeddable":true,"href":"http:\/\/www.mertcanpolat.com.tr\/dev\/wp-json\/wp\/v2\/categories?post=4934"},{"taxonomy":"post_tag","embeddable":true,"href":"http:\/\/www.mertcanpolat.com.tr\/dev\/wp-json\/wp\/v2\/tags?post=4934"}],"curies":[{"name":"wp","href":"https:\/\/api.w.org\/{rel}","templated":true}]}}