{"id":4926,"date":"2017-03-16T10:56:00","date_gmt":"2017-03-16T10:56:00","guid":{"rendered":"http:\/\/www.mertcanpolat.com.tr\/dev\/index.php\/2017\/03\/16\/valiligin-mailleri-inceyi-kizdirdi\/"},"modified":"2017-03-16T10:56:00","modified_gmt":"2017-03-16T10:56:00","slug":"valiligin-mailleri-inceyi-kizdirdi","status":"publish","type":"post","link":"http:\/\/www.mertcanpolat.com.tr\/dev\/valiligin-mailleri-inceyi-kizdirdi\/","title":{"rendered":"VAL\u0130L\u0130\u011e\u0130N MA\u0130LLER\u0130 \u0130NCE&#39;Y\u0130 KIZDIRDI"},"content":{"rendered":"<p><b>Yalova Valili\u011fi, Ak Parti Genel Ba\u015fkan Yard\u0131mc\u0131s\u0131 Hayati Yaz\u0131c\u0131\u2019n\u0131n Yalova\u2019da bug\u00fcnk\u00fc program\u0131 i\u00e7in \u2018Genel Ba\u015fkan Yard\u0131mc\u0131m\u0131z\u2019 diyerek program haz\u0131rlad\u0131 ve bas\u0131na yollad\u0131. CHP Yalova Milletvekili Muharrem \u0130nce, konuyu Twitter\u2019da g\u00fcndeme getirince valilik \u2018sehven\u2019 yolland\u0131\u011f\u0131n\u0131 a\u00e7\u0131klad\u0131.<\/b>   <\/p>\n<p> <span style=\"font-size:14px;\">Yalova Valili\u011fi\u2019nin \u00f6\u011fle saatlerinde yerel bas\u0131na yollad\u0131\u011f\u0131 \u2018bakan program\u0131\u2019 isimli ileti CHP Yalova Milletvekili Muharrem \u0130nce\u2019nin dikkatinden ka\u00e7mad\u0131. Ak Parti Genel Ba\u015fkan Yard\u0131mc\u0131s\u0131 Hayati Yaz\u0131c\u0131\u2019n\u0131n Yalova\u2019daki temaslar\u0131n\u0131 i\u00e7eren programla ilgili valilikten mail yollanmas\u0131 ve ara\u00e7 tahsis edilece\u011fini belirtilmesi \u00fczerine \u0130nce, Twitter\u2019dan Yalova Valisi Tu\u011fba Y\u0131lmaz\u2019\u0131 hedef alan payla\u015f\u0131mlar yapt\u0131.<img alt=\"\" src=\"http:\/\/ajansyalova.com\/Images\/Thumbs\/Editor\/5959-vek1.jpeg\" style=\"border-width: 2px; border-style: solid; margin: 2px; float: right; width: 302px; height: 81px;\" \/> <\/span> <\/p>\n<p> <span style=\"font-size:14px;\">\u201cYalova Valisi; Hayati Yaz\u0131c\u0131 Bakan de\u011fil, AKP Genel Ba\u015fkan Yard\u0131mc\u0131s\u0131, Bakanlar Kurulu listesi elinizde yoksa biz size temin edelim\u201d diyen \u0130nce, \u015fu mesajlar\u0131 payla\u015ft\u0131:<img alt=\"\" src=\"http:\/\/ajansyalova.com\/Images\/Thumbs\/Editor\/5961-vek2.jpeg\" style=\"border-width: 2px; border-style: solid; margin: 2px; float: right; width: 301px; height: 83px;\" \/> <img alt=\"\" src=\"http:\/\/ajansyalova.com\/Images\/Thumbs\/Editor\/5962-vek3.jpeg\" style=\"border-width: 2px; border-style: solid; margin: 2px; float: right; width: 300px; height: 81px;\" \/> <img alt=\"\" src=\"http:\/\/ajansyalova.com\/Images\/Thumbs\/Editor\/5963-vek4.jpeg\" style=\"border-width: 2px; border-style: solid; margin: 2px; float: right; width: 300px; height: 83px;\" \/> <\/span> <\/p>\n<p> <span style=\"font-size:14px;\">\u201cSay\u0131n Vali, siz Valisiniz, AKP\u2019nin \u0130l Ba\u015fkan\u0131 de\u011fil, AKP Genel B<img alt=\"\" src=\"http:\/\/ajansyalova.com\/Images\/Thumbs\/Editor\/5964-vek5.jpeg\" style=\"border-width: 2px; border-style: solid; margin: 2px; float: right; width: 300px; height: 87px;\" \/>a\u015fkan Yard\u0131mc\u0131s\u0131n\u0131n program\u0131n\u0131 Bakan program\u0131 diye bas\u0131na g\u00f6nderemezsiniz\u2026 AKP Genel Ba\u015fkan Yard\u0131mc\u0131s\u0131n\u0131n program\u0131n\u0131 Bakan program\u0131 diye bas\u0131na yollay\u0131p \u00fcstelik ara\u00e7 tahsis edemezsiniz\u2026 Bu su\u00e7tur! Yalova\u2019da de\u011filim ama g\u00f6z\u00fcm kula\u011f\u0131m Yalova\u2019da\u2026 Say\u0131n Vali derhal o maili d\u00fczeltin, siyasi propaganda yapmay\u0131n, su\u00e7 i\u015flemeyin!\u201d<\/span> <\/p>\n<p> <span style=\"font-size:14px;\"> <strong>&#8216;Sehven&#8217; g\u00f6nderildi<\/strong> <\/span> <\/p>\n<p> <span style=\"font-size:14px;\">\u0130nce\u2019nin bu iletisi \u00fczerine Yalova Valili\u011fi bir d\u00fczeltme yay\u0131nlayarak \u2018ara\u00e7 tahsisi\u2019 ve \u2018bakan program\u0131\u2019 ifadelerinin sehven yaz\u0131ld\u0131\u011f\u0131n\u0131 ifade etti. \u0130nce, bu d\u00fczeltmeyi de \u201cYalova Valili\u011fi g\u00fcya d\u00fczeltmi\u015fsiniz ama yine olmam\u0131\u015f! Sehvenmi\u015f! AKP Genel Ba\u015fkan Yard\u0131mc\u0131s\u0131n\u0131n program\u0131 Valili\u011fi ilgilendirmez! Bu kadar\u201d diyerek takip\u00e7ileriyle payla\u015ft\u0131.<\/span> <\/p>\n<p> <span style=\"font-size:14px;\">Yalova Valili\u011fi son olarak bir bas\u0131n a\u00e7\u0131klamas\u0131 yay\u0131nlad\u0131. A\u00e7\u0131klamada, \u015fu ifadelere yer verildi:<\/span> <\/p>\n<p> <span style=\"font-size:14px;\">\u201cAk Parti Genel Ba\u015fkan Yard\u0131mc\u0131s\u0131 Say\u0131n Hayati Yaz\u0131c\u0131&#8217;n\u0131n 16.03.017 tarihinde ilimizdeki program\u0131yla ilgili olarak Valili\u011fimizin herhangi bir bilgisi ve talimat\u0131 olmaks\u0131z\u0131n bas\u0131nda g\u00f6revli bir personel taraf\u0131ndan gerek program gerekse bas\u0131na ara\u00e7 tahsisi bas\u0131na mail yoluyla sehven g\u00f6nderilmi\u015ftir. Konuyla ilgili herhangi bir ara\u00e7 tahsisi de valili\u011fimizce yap\u0131lmam\u0131\u015ft\u0131r\u201d<\/span> <\/p>\n","protected":false},"excerpt":{"rendered":"<p>Yalova Valili\u011fi, Ak Parti Genel Ba\u015fkan Yard\u0131mc\u0131s\u0131 Hayati Yaz\u0131c\u0131\u2019n\u0131n Yalova\u2019da bug\u00fcnk\u00fc program\u0131 i\u00e7in \u2018Genel Ba\u015fkan Yard\u0131mc\u0131m\u0131z\u2019 diyerek program haz\u0131rlad\u0131 ve<\/p>\n","protected":false},"author":1,"featured_media":4927,"comment_status":"open","ping_status":"open","sticky":false,"template":"","format":"standard","meta":[],"categories":[1],"tags":[],"_links":{"self":[{"href":"http:\/\/www.mertcanpolat.com.tr\/dev\/wp-json\/wp\/v2\/posts\/4926"}],"collection":[{"href":"http:\/\/www.mertcanpolat.com.tr\/dev\/wp-json\/wp\/v2\/posts"}],"about":[{"href":"http:\/\/www.mertcanpolat.com.tr\/dev\/wp-json\/wp\/v2\/types\/post"}],"author":[{"embeddable":true,"href":"http:\/\/www.mertcanpolat.com.tr\/dev\/wp-json\/wp\/v2\/users\/1"}],"replies":[{"embeddable":true,"href":"http:\/\/www.mertcanpolat.com.tr\/dev\/wp-json\/wp\/v2\/comments?post=4926"}],"version-history":[{"count":0,"href":"http:\/\/www.mertcanpolat.com.tr\/dev\/wp-json\/wp\/v2\/posts\/4926\/revisions"}],"wp:featuredmedia":[{"embeddable":true,"href":"http:\/\/www.mertcanpolat.com.tr\/dev\/wp-json\/wp\/v2\/media\/4927"}],"wp:attachment":[{"href":"http:\/\/www.mertcanpolat.com.tr\/dev\/wp-json\/wp\/v2\/media?parent=4926"}],"wp:term":[{"taxonomy":"category","embeddable":true,"href":"http:\/\/www.mertcanpolat.com.tr\/dev\/wp-json\/wp\/v2\/categories?post=4926"},{"taxonomy":"post_tag","embeddable":true,"href":"http:\/\/www.mertcanpolat.com.tr\/dev\/wp-json\/wp\/v2\/tags?post=4926"}],"curies":[{"name":"wp","href":"https:\/\/api.w.org\/{rel}","templated":true}]}}