{"id":4920,"date":"2017-03-16T11:55:00","date_gmt":"2017-03-16T11:55:00","guid":{"rendered":"http:\/\/www.mertcanpolat.com.tr\/dev\/index.php\/2017\/03\/16\/hayircilara-feto-pkk-gondermesi\/"},"modified":"2017-03-16T11:55:00","modified_gmt":"2017-03-16T11:55:00","slug":"hayircilara-feto-pkk-gondermesi","status":"publish","type":"post","link":"http:\/\/www.mertcanpolat.com.tr\/dev\/hayircilara-feto-pkk-gondermesi\/","title":{"rendered":"&#39;HAYIR&#39;CILARA FET\u00d6- PKK G\u00d6NDERMES\u0130"},"content":{"rendered":"<p><b>Memur Sen Yalova \u0130l Temsilcisi U\u011fur Hakan Tan, Hollanda ile T\u00fcrkiye aras\u0131nda ya\u015fanan geli\u015fmeleri de\u011ferlendirerek Hollanda ve Avrupa\u2019ya tepki g\u00f6sterdi.<\/b>   <\/p>\n<p> <span style=\"font-size:14px;\">Tan, Hollanda&#8217;n\u0131n Aile ve Sosyal Politikalar Bakan\u0131 Fatma Bet\u00fcl Sayan Kaya ve Ba\u015fkonsolosluk yetkilileri ba\u015fta olmak \u00fczere beraberindeki heyetin \u00fcyelerine kar\u015f\u0131 sergiledi\u011fi \u0131rk\u00e7\u0131 ve \u0130slamofobik engellemesini \u015fiddet ve nefretle k\u0131nad\u0131klar\u0131n\u0131 kaydetti. \u201cBakan\u0131m\u0131zla bulu\u015fmay\u0131 bekleyen vatanda\u015flar\u0131m\u0131za k\u00f6peklerle, atlarla yap\u0131lan fa\u015fist sald\u0131r\u0131y\u0131 lanetliyor yaral\u0131 gurbet\u00e7ilerimize ge\u00e7mi\u015f olsun diyoruz\u201d diyen Tan, s\u00f6zlerine \u015f\u00f6yle devam etti:<\/span> <\/p>\n<p> <span style=\"font-size:14px;\">\u201c T\u00fcrkiye demokratik bir d\u00f6n\u00fc\u015f\u00fcm ya\u015f\u0131yor. Ses ne hikmetse bat\u0131dan geliyor. T\u00fcrkiye, iktidar\u0131yla muhalefetiyle kendi iradesini test edece\u011fi 16 Nisan\u2019a do\u011fru yol al\u0131rken, Almanya\u2019dan, Hollanda\u2019dan \u0131rk\u00e7\u0131l\u0131k ve \u0130slam d\u00fc\u015fmanl\u0131\u011f\u0131 ile bezenmi\u015f hay\u0131r sesleri y\u00fckseliyor. En son Hollanda\u2019da ya\u015fananlar neresinden tam anlam\u0131 ile fa\u015fizmdir. Irk\u00e7\u0131 \u0130slam d\u00fc\u015fman\u0131 ve g\u00f6\u00e7men kar\u015f\u0131t\u0131 fikirler Avrupa\u2019y\u0131 ba\u015ftan a\u015fa\u011f\u0131ya ku\u015fatm\u0131\u015f g\u00f6r\u00fcn\u00fcyor. Bu tehlikeli hastal\u0131klara yakalanm\u0131\u015f Avrupal\u0131lar manip\u00fclasyon ara\u00e7lar\u0131yla T\u00fcrkiye\u2019yi tecrit etmeye kalk\u0131yorlar. D\u00fcnyada yeni ortakl\u0131klar kurmaya ve a\u00e7\u0131l\u0131mlar ger\u00e7ekle\u015ftirmeye kalkan \u00fclkemizi \u201cT\u00fcrkiye yaln\u0131zla\u015f\u0131yor \u201d yalan\u0131 ile hizaya getirmeye \u00e7al\u0131\u015f\u0131yorlar. D\u00fcnyan\u0131n de\u011fi\u015fen dengeleri bu denge i\u00e7erisinde T\u00fcrkiye\u2019nin kendi g\u00fcc\u00fcne ba\u011fl\u0131 olarak artan rol\u00fcn\u00fcn Avrupa\u2019y\u0131 tela\u015fa d\u00fc\u015f\u00fcrd\u00fc\u011f\u00fc anla\u015f\u0131l\u0131yor&#8221;<\/span> <\/p>\n<p> <span style=\"font-size:14px;\">S\u00f6z\u00fc, 16 Nisan referandumuna getiren U\u011fur Hakan Tan, \u201cVesayet\u00e7ilerin karanl\u0131k faaliyetlerine son vermek \u0130\u00e7in \u2018evet\u2019 diyoruz. Referandumda hay\u0131r demek; PKK\u2019l\u0131 olmak demek de\u011fil ama hay\u0131r demek PKK\u2019y\u0131 sevindirmek demek, hay\u0131r demek FET\u00d6\u2019ye bayram ettirmek demektir. &#8216;Hay\u0131r&#8217; demek; Hollanda\u2019ya k\u00fcstah\u00e7a tavr\u0131 iyi ki yapt\u0131n ve ba\u015fard\u0131n dedirtmektir. Hay\u0131r demek Almanya\u2019ya lokma da\u011f\u0131t, c\u00fcmb\u00fc\u015f yap demektir. &#8216;Hay\u0131r&#8217; demek; stat\u00fckoya, oligar\u015fiye, b\u00fcrokratik vesayete ve istikrars\u0131zl\u0131\u011fa davetiye \u00e7\u0131karmak, koalisyonlardan ders almad\u0131k demektir\u201d diye konu\u015ftu.<\/span> <\/p>\n<p>&nbsp;<\/p>\n<p>&nbsp;<\/p>\n","protected":false},"excerpt":{"rendered":"<p>Memur Sen Yalova \u0130l Temsilcisi U\u011fur Hakan Tan, Hollanda ile T\u00fcrkiye aras\u0131nda ya\u015fanan geli\u015fmeleri de\u011ferlendirerek Hollanda ve Avrupa\u2019ya tepki g\u00f6sterdi.<\/p>\n","protected":false},"author":1,"featured_media":4921,"comment_status":"open","ping_status":"open","sticky":false,"template":"","format":"standard","meta":[],"categories":[1],"tags":[],"_links":{"self":[{"href":"http:\/\/www.mertcanpolat.com.tr\/dev\/wp-json\/wp\/v2\/posts\/4920"}],"collection":[{"href":"http:\/\/www.mertcanpolat.com.tr\/dev\/wp-json\/wp\/v2\/posts"}],"about":[{"href":"http:\/\/www.mertcanpolat.com.tr\/dev\/wp-json\/wp\/v2\/types\/post"}],"author":[{"embeddable":true,"href":"http:\/\/www.mertcanpolat.com.tr\/dev\/wp-json\/wp\/v2\/users\/1"}],"replies":[{"embeddable":true,"href":"http:\/\/www.mertcanpolat.com.tr\/dev\/wp-json\/wp\/v2\/comments?post=4920"}],"version-history":[{"count":0,"href":"http:\/\/www.mertcanpolat.com.tr\/dev\/wp-json\/wp\/v2\/posts\/4920\/revisions"}],"wp:featuredmedia":[{"embeddable":true,"href":"http:\/\/www.mertcanpolat.com.tr\/dev\/wp-json\/wp\/v2\/media\/4921"}],"wp:attachment":[{"href":"http:\/\/www.mertcanpolat.com.tr\/dev\/wp-json\/wp\/v2\/media?parent=4920"}],"wp:term":[{"taxonomy":"category","embeddable":true,"href":"http:\/\/www.mertcanpolat.com.tr\/dev\/wp-json\/wp\/v2\/categories?post=4920"},{"taxonomy":"post_tag","embeddable":true,"href":"http:\/\/www.mertcanpolat.com.tr\/dev\/wp-json\/wp\/v2\/tags?post=4920"}],"curies":[{"name":"wp","href":"https:\/\/api.w.org\/{rel}","templated":true}]}}