{"id":4916,"date":"2017-03-16T16:33:00","date_gmt":"2017-03-16T16:33:00","guid":{"rendered":"http:\/\/www.mertcanpolat.com.tr\/dev\/index.php\/2017\/03\/16\/bakan-kilictan-2-yurt-sozu\/"},"modified":"2017-03-16T16:33:00","modified_gmt":"2017-03-16T16:33:00","slug":"bakan-kilictan-2-yurt-sozu","status":"publish","type":"post","link":"http:\/\/www.mertcanpolat.com.tr\/dev\/bakan-kilictan-2-yurt-sozu\/","title":{"rendered":"BAKAN KILI\u00c7\u2019TAN 2 YURT S\u00d6Z\u00dc"},"content":{"rendered":"<p><b>Spor tesislerinin toplu a\u00e7\u0131l\u0131\u015flar\u0131 ve bir dizi ziyaret i\u00e7in Yalova&#39;ya gelen Gen\u00e7lik ve Spor Bakan\u0131 Akif \u00c7a\u011fatay K\u0131l\u0131\u00e7, Yalova&#39;ya spor yat\u0131r\u0131mlar\u0131n\u0131n ya\u011faca\u011f\u0131n\u0131n mesaj\u0131n\u0131 verdi.<\/b>   <\/p>\n<p> <span style=\"font-size:14px;\">Gen\u00e7lik ve Spor Bakan\u0131 Akif \u00c7a\u011fatay K\u0131l\u0131\u00e7, Alt\u0131nova il\u00e7esindeki spor tesislerinin toplu a\u00e7\u0131l\u0131\u015f\u0131n\u0131 yapmak ve ilde ziyaretler ger\u00e7ekle\u015ftirmek \u00fczere Yalova&#8217;ya geldi. \u0130lk olarak Yalova Valili\u011fi&#8217;ne gelen Bakan K\u0131l\u0131\u00e7&#8217;\u0131 Vali Tu\u011fba Y\u0131lmaz, AK Parti Yalova Milletvekili Fikri Demirel ve AK Parti Yalova \u0130l Ba\u015fkan\u0131 Yusuf Ziya \u00d6ztabak ile Alt\u0131nova Belediyespor&#8217;un milli bayan g\u00fcre\u015f\u00e7ileri \u00e7i\u00e7eklerle kar\u015f\u0131lad\u0131. Ard\u0131ndan protokol mensuplar\u0131n\u0131 selamlayan Bakan K\u0131l\u0131\u00e7, valili\u011fin hat\u0131ra defterini imzalad\u0131. Vali Y\u0131lmaz\u2019dan brifing alan Bakan Y\u0131lmaz ard\u0131ndan bas\u0131n mensuplar\u0131n\u0131n sorular\u0131n\u0131 yan\u0131tlad\u0131.<img alt=\"\" src=\"http:\/\/ajansyalova.com\/Images\/Thumbs\/Editor\/5969-17264683_1873430942894815_520299207388940066_n.jpeg\" style=\"border-width: 2px; border-style: solid; margin: 2px; float: right; width: 401px; height: 267px;\" \/> <\/span> <\/p>\n<p> <span style=\"font-size:14px;\"> <strong>&#8220;Yeni spor yat\u0131r\u0131mlar\u0131 yap\u0131lacak&#8221;<\/strong> <br \/> \u0130lde yeni spor yat\u0131r\u0131mlar\u0131 yap\u0131laca\u011f\u0131 m\u00fcjdesini veren Bakan K\u0131l\u0131\u00e7, \u201cYalova\u2019m\u0131z bizim \u00f6nem verdi\u011fimiz ve yat\u0131r\u0131mlar\u0131m\u0131z a\u00e7\u0131s\u0131ndan da \u00f6nemli bir yer tutan ilimiz. \u00d6n\u00fcm\u00fczdeki d\u00f6nem i\u00e7erisinde de bug\u00fcn konu\u015ftu\u011fumuz \u00e7er\u00e7evede yeni yat\u0131r\u0131mlar\u0131n, desteklemelerin olaca\u011f\u0131n\u0131 s\u00f6yleyebilirim. Y\u0131l i\u00e7erisinde bunlar\u0131n hepsini de\u011ferlendirece\u011fiz. Ama \u015fu bir ger\u00e7ek ki \u015fu anda 25 Milyonu a\u015fk\u0131n bir yat\u0131r\u0131m s\u00f6z konusu. Bunun yan\u0131 s\u0131ra kredi yurtlar kurumu olarak da iki tane yurt yap\u0131m\u0131 ile ilgili olarak program\u0131m\u0131zda olan \u00e7al\u0131\u015fmam\u0131z var. Bunlardan bir tanesi 750, bir tanesi 1 Bin ki\u015fi a\u015fk\u0131n bir proje, bunlar\u0131n toplam\u0131na bakt\u0131\u011f\u0131m\u0131z zaman 1800 kapasite civar\u0131nda kapasite a\u015fk\u0131n olacak. Yapt\u0131\u011f\u0131m\u0131z kul\u00fcp yard\u0131mlar\u0131, ciddi anlamda amat\u00f6r spor camias\u0131na yapt\u0131\u011f\u0131m\u0131z yard\u0131mlar da var. Sportif altyap\u0131 al\u0131ndan bak\u0131m\u0131nda geli\u015fen bir Yalova ile kar\u015f\u0131 kar\u015f\u0131yay\u0131z. \u015eu anda merkezdeki baz\u0131 spor tesislerinin bak\u0131ma ve yenilenmeye ihtiyac\u0131 var. Bunun i\u00e7in de geni\u015f bir heyetle gerekli tespitleri yapacak \u00e7al\u0131\u015fmay\u0131 en k\u0131sa s\u00fcrede ba\u015flataca\u011f\u0131z&#8221; dedi. &nbsp;<\/span> <br \/> &nbsp;<\/p>\n<p> <span style=\"font-size:14px;\"> <strong> <img alt=\"\" src=\"http:\/\/ajansyalova.com\/Images\/Thumbs\/Editor\/5970-17201205_1873433726227870_1604701163254636854_n.jpeg\" style=\"border-width: 2px; border-style: solid; margin: 2px; float: left; width: 450px; height: 292px;\" \/>&#8220;Euro 2024 \u00e7ok \u00f6nemli&#8221;<\/strong> <br \/> Bakan K\u0131l\u0131\u00e7 Euro 2024&#8217;\u00fcn T\u00fcrk misafirperverli\u011finin t\u00fcm Avrupa&#8217;ya tan\u0131t\u0131lmas\u0131 anlam\u0131nda b\u00fcy\u00fck bir \u00f6nemi oldu\u011funu vurgulayan Bakan K\u0131l\u0131\u00e7 s\u00f6zlerini \u015fu \u015fekilde s\u00fcrd\u00fcrd\u00fc:<\/span> <\/p>\n<div style=\"background:#eee;border:1px solid #ccc;padding:5px 10px;\"> <span style=\"font-size:14px;\">\u201cBu anlamda Euro 2024\u2019\u00fcn T\u00fcrkiye\u2019de yap\u0131lmas\u0131n\u0131n daha b\u00fcy\u00fck bir \u00f6nemi vard\u0131r. \u00c7\u00fcnk\u00fc biz, bize gelen misafire misafirperverli\u011fimizle muamele ederiz. Kap\u0131lar\u0131m\u0131z\u0131 a\u00e7ar\u0131z. Bizim Hollanda\u2019ya kar\u015f\u0131 alm\u0131\u015f oldu\u011fumuz tedbirlerin hepsi Hollanda halk\u0131yla ilgili de\u011fildir. Hollanda halk\u0131yla ilgili bir s\u0131k\u0131nt\u0131m\u0131z yoktur. Almanya halk\u0131yla bir s\u0131k\u0131nt\u0131m\u0131z yoktur. Fransa halk\u0131yla bir s\u0131k\u0131nt\u0131m\u0131z yoktur. Devletlerini y\u00f6neten, ki\u015filerin hatalar\u0131yla ilgili s\u0131k\u0131nt\u0131m\u0131z vard\u0131r. Biz bunu dile getiriyoruz. Ben T\u00fcrk\u00fcm T\u00fcrkiye\u2019deki tesis altyap\u0131s\u0131n\u0131 Euro 2024 a\u00e7\u0131s\u0131ndan bakt\u0131\u011f\u0131mda stadyum, ula\u015f\u0131m, konaklama altyap\u0131s\u0131n\u0131 \u00e7ok yeterli oldu\u011funu biliyorum. \u00d6n\u00fcm\u00fczde bir y\u0131ll\u0131k bir s\u00fcre var. Bu s\u00fcre i\u00e7erisinde yo\u011fun bir lobi yapaca\u011f\u0131z. Ve onlara misafirperverli\u011fin nas\u0131l olmas\u0131 gerekti\u011fini de hat\u0131rlataca\u011f\u0131z. Ve 2024 y\u0131l\u0131nda organizasyonu T\u00fcrkiye\u2019de yaparak da g\u00f6sterece\u011fiz. Ben Avrupa vatanda\u015flar\u0131n\u0131n T\u00fcrkiye\u2019ye gidip gelme \u00e7ekincesi olmad\u0131\u011f\u0131n\u0131 \u00e7ok iyi biliyorum. Avusturya D\u0131\u015f \u0130\u015fleri Bakan\u0131 Sebastian Kurz\u2018un da \u00fclke d\u0131\u015f\u0131nda se\u00e7im gezisi yapt\u0131\u011f\u0131n\u0131 hat\u0131rlat\u0131r\u0131m. Kurz s\u00fcrekli konu\u015fuyor. Ama onunda emelleri var. H\u0131rslar\u0131 var. Ba\u015fbakan olmak istiyor \u00fclkesinde, bu yolla giderse belki ba\u015fbakan olur ama insanl\u0131k tarihinde iyi bir siyaset\u00e7i olarak an\u0131lmaz&#8221;<br \/> Gen\u00e7lik ve Spor Bakan\u0131 Akif \u00c7a\u011fatay K\u0131l\u0131\u00e7, valilikteki program\u0131n\u0131n ard\u0131ndan esnaf ziyaretleri ger\u00e7ekle\u015ftirdi. Yalova sokaklar\u0131nda y\u00fcr\u00fcyen ve vatanda\u015flar\u0131 selamlayan Bakan K\u0131l\u0131\u00e7 partisinin se\u00e7im koordinasyon merkezinin a\u00e7\u0131l\u0131\u015f\u0131n\u0131 da yapt\u0131.<\/span> <\/p>\n","protected":false},"excerpt":{"rendered":"<p>Spor tesislerinin toplu a\u00e7\u0131l\u0131\u015flar\u0131 ve bir dizi ziyaret i\u00e7in Yalova&#39;ya gelen Gen\u00e7lik ve Spor Bakan\u0131 Akif \u00c7a\u011fatay K\u0131l\u0131\u00e7, Yalova&#39;ya spor<\/p>\n","protected":false},"author":1,"featured_media":4917,"comment_status":"open","ping_status":"open","sticky":false,"template":"","format":"standard","meta":[],"categories":[1],"tags":[],"_links":{"self":[{"href":"http:\/\/www.mertcanpolat.com.tr\/dev\/wp-json\/wp\/v2\/posts\/4916"}],"collection":[{"href":"http:\/\/www.mertcanpolat.com.tr\/dev\/wp-json\/wp\/v2\/posts"}],"about":[{"href":"http:\/\/www.mertcanpolat.com.tr\/dev\/wp-json\/wp\/v2\/types\/post"}],"author":[{"embeddable":true,"href":"http:\/\/www.mertcanpolat.com.tr\/dev\/wp-json\/wp\/v2\/users\/1"}],"replies":[{"embeddable":true,"href":"http:\/\/www.mertcanpolat.com.tr\/dev\/wp-json\/wp\/v2\/comments?post=4916"}],"version-history":[{"count":0,"href":"http:\/\/www.mertcanpolat.com.tr\/dev\/wp-json\/wp\/v2\/posts\/4916\/revisions"}],"wp:featuredmedia":[{"embeddable":true,"href":"http:\/\/www.mertcanpolat.com.tr\/dev\/wp-json\/wp\/v2\/media\/4917"}],"wp:attachment":[{"href":"http:\/\/www.mertcanpolat.com.tr\/dev\/wp-json\/wp\/v2\/media?parent=4916"}],"wp:term":[{"taxonomy":"category","embeddable":true,"href":"http:\/\/www.mertcanpolat.com.tr\/dev\/wp-json\/wp\/v2\/categories?post=4916"},{"taxonomy":"post_tag","embeddable":true,"href":"http:\/\/www.mertcanpolat.com.tr\/dev\/wp-json\/wp\/v2\/tags?post=4916"}],"curies":[{"name":"wp","href":"https:\/\/api.w.org\/{rel}","templated":true}]}}