{"id":4914,"date":"2017-03-16T16:45:00","date_gmt":"2017-03-16T16:45:00","guid":{"rendered":"http:\/\/www.mertcanpolat.com.tr\/dev\/index.php\/2017\/03\/16\/kilictan-inceye-gonderme\/"},"modified":"2017-03-16T16:45:00","modified_gmt":"2017-03-16T16:45:00","slug":"kilictan-inceye-gonderme","status":"publish","type":"post","link":"http:\/\/www.mertcanpolat.com.tr\/dev\/kilictan-inceye-gonderme\/","title":{"rendered":"KILI\u00c7\u2019TAN \u0130NCE\u2019YE G\u00d6NDERME"},"content":{"rendered":"<p><b>Yalova\u2019da \u00e7e\u015fitli temaslarda bulunan Gen\u00e7lik ve Spor Bakan\u0131 Akif \u00c7a\u011fatay K\u0131l\u0131\u00e7, CHP Yalova Milletvekili Muharrem \u0130nce\u2019ye g\u00f6ndermede bulundu.<\/b>   <\/p>\n<p> <span style=\"font-size:14px;\">K\u0131l\u0131\u00e7, Yalova&#8217;da, AK Parti Alt\u0131nova \u0130l\u00e7e Ba\u015fkanl\u0131\u011f\u0131\u2019nca Alt\u0131nova Belediyesi K\u00fclt\u00fcr Merkezi\u2019nde d\u00fczenlenen &#8220;Gen\u00e7 K\u00fcrs\u00fc&#8221; adl\u0131 programda yapt\u0131\u011f\u0131 konu\u015fmada, anayasa de\u011fi\u015fikli\u011fi referandum uyla se\u00e7ilme ya\u015f\u0131n\u0131n 18&#8217;e indirilmek istendi\u011fini hat\u0131rlatarak, bu konuda ana muhalefetin ele\u015ftirilerinin anlams\u0131z oldu\u011funu belirtti.<img alt=\"\" src=\"http:\/\/ajansyalova.com\/Images\/Thumbs\/Editor\/5972-17352086_1285614354855702_2572754445593159114_n.jpeg\" style=\"border-width: 2px; border-style: solid; margin: 2px; float: right; width: 500px; height: 332px;\" \/> <\/span> <\/p>\n<p> <span style=\"font-size:14px;\">T\u00fcrkiye&#8217;de milletvekili se\u00e7ilme ya\u015f\u0131n\u0131n AK Parti d\u00f6neminde 30&#8217;dan 25&#8217;e d\u00fc\u015f\u00fcr\u00fcld\u00fc\u011f\u00fcn\u00fc hat\u0131rlatan K\u0131l\u0131\u00e7, \u015f\u00f6yle seslendi:<\/span> <\/p>\n<p> <span style=\"font-size:14px;\">\u201cMuhalefet diyor ya, &#8216;biz bu hakk\u0131n verilmesini istemiyoruz.&#8217; Bir de b\u00f6yle bir \u015fey var. Bu bir hak de\u011fil, zaten elinizde. \u00c7\u00fcnk\u00fc T\u00fcrkiye Cumhuriyeti yasalar\u0131na g\u00f6re, 18 ya\u015f\u0131n\u0131 dolduran herkes re\u015fittir. Re\u015fit ne demek? T\u00fcm verdi\u011fi kararlarda sorumlu demek. Evlenebilir, i\u015f kurabilir. Evini a\u00e7abilir, belediye \u00e7al\u0131\u015fan\u0131 olabilir, \u015firket kurup \u00f6zel \u015firkete girebilir. Bu sorumluluklar\u0131, 18 ya\u015f\u0131ndan sonra zaten y\u00fcklenme hakk\u0131n\u0131 var. Bu sorumlulu\u011funuz var, cezai m\u00fceyyideler tam. Se\u00e7mek konusunda hakk\u0131n\u0131z var. Yani, sizin \u00f6n\u00fcn\u00fcze 2-3-4 tane, her neyse milletvekili aday\u0131 geldi\u011fi zaman hangisinin daha iyi olaca\u011f\u0131n\u0131 se\u00e7ece\u011finize g\u00fcveniyoruz. Peki aran\u0131zdan bir tanesi kalk\u0131p dese ki, &#8216;ben bundan daha iyi yapar\u0131m.&#8217; O zaman diyorlar ki, &#8216;yasak hem\u015fehrim.&#8217; Niye, 25&#8217;i doldurmad\u0131n. Bu mant\u0131kl\u0131 de\u011fil. Sen se\u00e7ece\u011fine inan\u0131yorsun ama se\u00e7ilebilecek yetkiye sahip oldu\u011funa inanm\u0131yorsun. Bu nas\u0131l g\u00fcvensizlik? Kendilerine \u00f6rnek ald\u0131klar\u0131 bir \u00e7ok Avrupa \u00fclkesinde se\u00e7ilme ya\u015f\u0131 18.&#8221;<\/span> <\/p>\n<p> <span style=\"font-size:14px;\"> <img alt=\"\" src=\"http:\/\/ajansyalova.com\/Images\/Thumbs\/Editor\/5973-17361880_1873542739550302_1377281940971172755_n.jpeg\" style=\"border-width: 2px; border-style: solid; margin: 2px; float: left; width: 400px; height: 266px;\" \/>CHP Yalova Milletvekili Muharrem \u0130nce&#8217;nin genel ba\u015fkanl\u0131k adayl\u0131\u011f\u0131 s\u0131ras\u0131ndaki s\u00f6zlerini an\u0131msatan K\u0131l\u0131\u00e7, \u015f\u00f6yle devam etti:<\/span> <\/p>\n<p> <span style=\"font-size:14px;\">&#8220;Hem\u015fehriniz ne dedi? &#8216;6-7 tane se\u00e7im kaybettin sen o koltukta neden oturuyorsun&#8217; dedi. Ben s\u00f6ylemedim. Muharrem \u0130nce&#8217;nin kendisi s\u00f6yledi. ve ne dedi? &#8216;E\u011fer biz bu y\u00f6netimle, K\u0131l\u0131\u00e7daro\u011flu y\u00f6netimiyle CHP&#8217;ye, AK Parti&#8217;nin herhangi bir \u015fekilde, referandum da, halk oylamas\u0131nda kar\u015f\u0131s\u0131na \u00e7\u0131karsa kaybeder&#8217; dedi. Adam gelece\u011fi g\u00f6rm\u00fc\u015f ya. 7 se\u00e7im kaybedip de koltu\u011funda oturan adam m\u0131 tek adamd\u0131r? 11 tane se\u00e7imi kazan\u0131p halk\u0131n g\u00f6nl\u00fcnde taht kurup halk\u0131ndan do\u011frudan yetki alan ki\u015fi midir?&#8221;<\/span> <\/p>\n","protected":false},"excerpt":{"rendered":"<p>Yalova\u2019da \u00e7e\u015fitli temaslarda bulunan Gen\u00e7lik ve Spor Bakan\u0131 Akif \u00c7a\u011fatay K\u0131l\u0131\u00e7, CHP Yalova Milletvekili Muharrem \u0130nce\u2019ye g\u00f6ndermede bulundu. K\u0131l\u0131\u00e7, Yalova&#8217;da,<\/p>\n","protected":false},"author":1,"featured_media":4915,"comment_status":"open","ping_status":"open","sticky":false,"template":"","format":"standard","meta":[],"categories":[1],"tags":[],"_links":{"self":[{"href":"http:\/\/www.mertcanpolat.com.tr\/dev\/wp-json\/wp\/v2\/posts\/4914"}],"collection":[{"href":"http:\/\/www.mertcanpolat.com.tr\/dev\/wp-json\/wp\/v2\/posts"}],"about":[{"href":"http:\/\/www.mertcanpolat.com.tr\/dev\/wp-json\/wp\/v2\/types\/post"}],"author":[{"embeddable":true,"href":"http:\/\/www.mertcanpolat.com.tr\/dev\/wp-json\/wp\/v2\/users\/1"}],"replies":[{"embeddable":true,"href":"http:\/\/www.mertcanpolat.com.tr\/dev\/wp-json\/wp\/v2\/comments?post=4914"}],"version-history":[{"count":0,"href":"http:\/\/www.mertcanpolat.com.tr\/dev\/wp-json\/wp\/v2\/posts\/4914\/revisions"}],"wp:featuredmedia":[{"embeddable":true,"href":"http:\/\/www.mertcanpolat.com.tr\/dev\/wp-json\/wp\/v2\/media\/4915"}],"wp:attachment":[{"href":"http:\/\/www.mertcanpolat.com.tr\/dev\/wp-json\/wp\/v2\/media?parent=4914"}],"wp:term":[{"taxonomy":"category","embeddable":true,"href":"http:\/\/www.mertcanpolat.com.tr\/dev\/wp-json\/wp\/v2\/categories?post=4914"},{"taxonomy":"post_tag","embeddable":true,"href":"http:\/\/www.mertcanpolat.com.tr\/dev\/wp-json\/wp\/v2\/tags?post=4914"}],"curies":[{"name":"wp","href":"https:\/\/api.w.org\/{rel}","templated":true}]}}