{"id":4912,"date":"2017-03-16T16:59:00","date_gmt":"2017-03-16T16:59:00","guid":{"rendered":"http:\/\/www.mertcanpolat.com.tr\/dev\/index.php\/2017\/03\/16\/altinovaya-5-milyonluk-tesis\/"},"modified":"2017-03-16T16:59:00","modified_gmt":"2017-03-16T16:59:00","slug":"altinovaya-5-milyonluk-tesis","status":"publish","type":"post","link":"http:\/\/www.mertcanpolat.com.tr\/dev\/altinovaya-5-milyonluk-tesis\/","title":{"rendered":"ALTINOVA\u2019YA 5 M\u0130LYONLUK TES\u0130S"},"content":{"rendered":"<p><b>Gen\u00e7lik ve Spor Bakan\u0131 Akif \u00c7a\u011fatay K\u0131l\u0131\u00e7, Yalova&#39;n\u0131n Alt\u0131nova il\u00e7esinde maliyeti 5 milyon TL&#39;yi bulan spor tesislerinin toplu a\u00e7\u0131l\u0131\u015f\u0131n\u0131 yapt\u0131.<\/b>   <\/p>\n<p> <span style=\"font-size:14px;\">Bakan Akif \u00c7a\u011fatay K\u0131l\u0131\u00e7, Alt\u0131nova&#8217;da kat\u0131ld\u0131\u011f\u0131 toplu spor tesisleri a\u00e7\u0131l\u0131\u015f\u0131nda, &#8220;Gen\u00e7lerimizden bu tesisleri en verimli \u015fekilde kullanmalar\u0131n\u0131 istiyoruz. Bu tesisler sizin ve tesisleri diledi\u011finiz gibi kullanarak hakk\u0131n\u0131 verin. Bu salonda d\u00fcnya, Avrupa \u015fampiyonlar\u0131 bulunuyor. \u0130\u00e7inizde olimpiyatlara gidecek sporcular var. \u00d6n\u00fcm\u00fczde Avrupa ve d\u00fcnya \u015fampiyonalar\u0131 var. Bunlardan madalyalar bekliyoruz&#8221; dedi.<\/span> <\/p>\n<p> <span style=\"font-size:14px;\">Alt\u0131nova Belediye Ba\u015fkan\u0131 Metin Oral da, spora b\u00fcy\u00fck \u00f6nem verdiklerini ifade ederek, &#8220;Kul\u00fcb\u00fcm\u00fcz\u00fcn g\u00fcre\u015f ve tekvando tak\u0131mlar\u0131nda d\u00fcnya, Avrupa ve Balkan \u015fampiyonlar\u0131 bulunuyor. \u0130l\u00e7emiz genelinde 961 lisansl\u0131 sporcuya sahibiz. Bu tesislerin ilimize ve il\u00e7emize kazand\u0131r\u0131lmas\u0131nda eme\u011fi ge\u00e7en Gen\u00e7lik ve Spor Bakan\u0131 Akif \u00c7a\u011fatay K\u0131l\u0131\u00e7 ve bakanl\u0131k personeline, valimize, il ba\u015fkan\u0131m\u0131z ve te\u015fkilatlar\u0131na, milletvekilimize, il m\u00fcd\u00fcrl\u00fc\u011f\u00fc personelimize il\u00e7e halk\u0131m\u0131z ad\u0131na te\u015fekk\u00fcr ederim&#8221; ifadelerini kulland\u0131.<\/span> <\/p>\n<p> <span style=\"font-size:14px;\">Toplu a\u00e7\u0131l\u0131\u015f\u0131 yap\u0131lan tesislerin 5 milyon TL&#8217;ye mal oldu\u011fu bildirildi. Bakan K\u0131l\u0131\u00e7 daha sonra AK Parti Alt\u0131nova \u0130l\u00e7e SKM a\u00e7\u0131l\u0131\u015f\u0131n\u0131 ger\u00e7ekle\u015ftirdi. A\u00e7\u0131l\u0131\u015f\u0131n ard\u0131nda Bakan K\u0131l\u0131\u00e7, Alt\u0131nova Belediye D\u00fc\u011f\u00fcn Salonu&#8217;nda &#8216;Gen\u00e7 K\u00fcrs\u00fc&#8217; isimli programda gen\u00e7lerle bir araya geldi.<\/span> <\/p>\n<p>&nbsp;<\/p>\n","protected":false},"excerpt":{"rendered":"<p>Gen\u00e7lik ve Spor Bakan\u0131 Akif \u00c7a\u011fatay K\u0131l\u0131\u00e7, Yalova&#39;n\u0131n Alt\u0131nova il\u00e7esinde maliyeti 5 milyon TL&#39;yi bulan spor tesislerinin toplu a\u00e7\u0131l\u0131\u015f\u0131n\u0131 yapt\u0131.<\/p>\n","protected":false},"author":1,"featured_media":4913,"comment_status":"open","ping_status":"open","sticky":false,"template":"","format":"standard","meta":[],"categories":[1],"tags":[],"_links":{"self":[{"href":"http:\/\/www.mertcanpolat.com.tr\/dev\/wp-json\/wp\/v2\/posts\/4912"}],"collection":[{"href":"http:\/\/www.mertcanpolat.com.tr\/dev\/wp-json\/wp\/v2\/posts"}],"about":[{"href":"http:\/\/www.mertcanpolat.com.tr\/dev\/wp-json\/wp\/v2\/types\/post"}],"author":[{"embeddable":true,"href":"http:\/\/www.mertcanpolat.com.tr\/dev\/wp-json\/wp\/v2\/users\/1"}],"replies":[{"embeddable":true,"href":"http:\/\/www.mertcanpolat.com.tr\/dev\/wp-json\/wp\/v2\/comments?post=4912"}],"version-history":[{"count":0,"href":"http:\/\/www.mertcanpolat.com.tr\/dev\/wp-json\/wp\/v2\/posts\/4912\/revisions"}],"wp:featuredmedia":[{"embeddable":true,"href":"http:\/\/www.mertcanpolat.com.tr\/dev\/wp-json\/wp\/v2\/media\/4913"}],"wp:attachment":[{"href":"http:\/\/www.mertcanpolat.com.tr\/dev\/wp-json\/wp\/v2\/media?parent=4912"}],"wp:term":[{"taxonomy":"category","embeddable":true,"href":"http:\/\/www.mertcanpolat.com.tr\/dev\/wp-json\/wp\/v2\/categories?post=4912"},{"taxonomy":"post_tag","embeddable":true,"href":"http:\/\/www.mertcanpolat.com.tr\/dev\/wp-json\/wp\/v2\/tags?post=4912"}],"curies":[{"name":"wp","href":"https:\/\/api.w.org\/{rel}","templated":true}]}}