{"id":4910,"date":"2017-03-16T17:07:00","date_gmt":"2017-03-16T17:07:00","guid":{"rendered":"http:\/\/www.mertcanpolat.com.tr\/dev\/index.php\/2017\/03\/16\/hayati-yazici-yalovada\/"},"modified":"2017-03-16T17:07:00","modified_gmt":"2017-03-16T17:07:00","slug":"hayati-yazici-yalovada","status":"publish","type":"post","link":"http:\/\/www.mertcanpolat.com.tr\/dev\/hayati-yazici-yalovada\/","title":{"rendered":"HAYAT\u0130 YAZICI YALOVA\u2019DA"},"content":{"rendered":"<p><b>AK Parti Genel Ba\u015fkan Yard\u0131mc\u0131s\u0131 Hayati Yaz\u0131c\u0131, Yalova&#39;da sivil toplum kurulu\u015fu temsilcileri ile bir araya geldi. Yaz\u0131c\u0131, &#8220;Biz \u00fclkenin bug\u00fcn\u00fcn\u00fc de\u011fil, gelece\u011fi in\u015fa ediyoruz. Avrupal\u0131lar insanl\u0131k de\u011ferleri a\u00e7\u0131s\u0131ndan ayr\u0131mc\u0131l\u0131k yap\u0131yorlar&#8221; dedi.<\/b>   <\/p>\n<p> <span style=\"font-size:14px;\">AK Parti Genel Ba\u015fkan Yard\u0131mc\u0131s\u0131 Hayati Yaz\u0131c\u0131, partisinin referandum \u00e7al\u0131\u015fmalar\u0131 dolay\u0131s\u0131yla Yalova&#8217;ya geldi. Uygulama Oteli&#8217;nde ildeki STK&#8217;lar\u0131n temsilcileri ile bir araya gelen Yaz\u0131c\u0131, burada anayasa de\u011fi\u015fikli\u011finin neleri i\u00e7erdi\u011fini madde madde anlatt\u0131. Bundan \u00f6nceki d\u00f6nemlerde cumhurba\u015fkanlar\u0131 ile ba\u015fbakanlar aras\u0131nda ya\u015fanan s\u00fcrt\u00fc\u015fmeleri hat\u0131rlatan Yaz\u0131c\u0131, &#8220;Bu de\u011fi\u015fiklik Recep Tayyip Erdo\u011fan&#8217;la ilgili bir de\u011fi\u015fiklik de\u011fildir. Zaten anayasa var. Bununla idare ediyorsunuz. Neye ihtiyac\u0131n\u0131z var diyorlar. Do\u011fru. Bizde bir karde\u015flik hukuku var. Bug\u00fcn T\u00fcrkiye Cumhuriyeti Cumhurba\u015fkan\u0131 bizim kurucu ba\u015fkan\u0131m\u0131z ve liderimiz. Bug\u00fcnk\u00fc genel ba\u015fkan\u0131m\u0131z bizim kurucu arkada\u015flar\u0131m\u0131zdan birisi. Biz erdemliler toplulu\u011fu olarak halk\u0131n \u00f6n\u00fcne \u00e7\u0131kt\u0131k. Bir karde\u015flik hukuku var. Bu \u00e7er\u00e7evede s\u00fcrd\u00fcr\u00fcyoruz. Bizden \u00f6nceki zamanlarda ya\u015fananlar\u0131 hat\u0131rlay\u0131n. Turgut \u00d6zal&#8217;\u0131n Kenan Evren&#8217;le, Turgut \u00d6zal&#8217;la S\u00fcleyman Demirel&#8217;in, Turgut \u00d6zal&#8217;la Y\u0131ld\u0131r\u0131m Akbulut ve Mesut Y\u0131lmaz&#8217;\u0131n d\u00f6nemlerinde ya\u015fanan sorunlar\u0131 hat\u0131rlay\u0131n. Demirel&#8217;le Tansu \u00c7iller&#8217;in ve en son T\u00fcrkiye&#8217;ye milyarlarca dolara mal olan Ahmet Necdet Sezer, Ecevit s\u00fcrt\u00fc\u015fmelerini hat\u0131rlay\u0131n. Buna benzer uyumsuzluklar\u0131n gelecekte olmayaca\u011f\u0131n\u0131n garantisini kim verebilir? Biz bug\u00fcn\u00fc de\u011fil gelece\u011fi in\u015fa ediyoruz. Bu \u00fclke i\u00e7in hedeflerimiz var. Hayalci de\u011filiz ama hayallerimiz var. T\u00fcrkiye Cumhuriyeti&#8217;nin kurulu\u015funun 100. y\u0131l\u0131 i\u00e7in hedeflerimiz var. \u00dclkemizi d\u00fcnyan\u0131n 10 b\u00fcy\u00fck ekonomisi aras\u0131na getirmek istiyoruz. Fert ba\u015f\u0131na d\u00fc\u015fen milli gelirimizi 25 bin dolar d\u00fczeyine \u00e7\u0131kartmak, uluslararas\u0131 d\u00fczeyde en az bir ka\u00e7 markaya sahip bir \u00fclke durumuna gelmek istiyoruz. Yani biz T\u00fcrkiye&#8217;nin gelece\u011fini in\u015fa etmek i\u00e7in daha \u00f6nce ya\u015fanm\u0131\u015f sorun alanlar\u0131n\u0131 bu anayasa de\u011fi\u015fikli\u011fi paketi ile tasfiye etmeyi ama\u00e7l\u0131yoruz. \u0130\u015fte halk\u0131m\u0131z bunun karar\u0131n\u0131 verecek&#8221; \u015feklinde konu\u015ftu.<\/span> <\/p>\n<p> <strong> <span style=\"font-size:14px;\">&#8220;Se\u00e7im de\u011fil, tercih yapaca\u011f\u0131z&#8221;<\/span> <\/strong> <\/p>\n<p> <span style=\"font-size:14px;\">16 Nisan tarihinde bir se\u00e7imin olmad\u0131\u011f\u0131n\u0131, halk\u0131n bir tercihte bulunaca\u011f\u0131n\u0131 hat\u0131rlatan AK Parti Genel Ba\u015fkan Yard\u0131mc\u0131s\u0131 Hayati Yaz\u0131c\u0131, &#8220;16 Nisan&#8217;da bir se\u00e7im yok. Bir parti se\u00e7miyorsunuz. Bir karar verilecek. Ya daha \u00f6nce ya\u015fad\u0131\u011f\u0131m\u0131z sorunlara benzer sorunlar ya\u015fan\u0131rsa ya\u015fans\u0131n diyeceksiniz. Ya da bu g\u00fc\u00e7l\u00fc \u00fclkenin daha da g\u00fc\u00e7lenmesini ve b\u00fcy\u00fcmesini istiyoruz, bulundu\u011fu co\u011frafyaya uygun edilgen de\u011fil, etken bir T\u00fcrkiye istiyoruz diyeceksiniz. Burada fantezi yapma l\u00fcks\u00fcm\u00fcz yok. Fantezileri tercih ederek do\u011fru olan bir \u015feye uzak durma l\u00fcks\u00fcm\u00fcz yok. Takdir sizin. \u0130n\u015fallah 16 Nisan&#8217;dan sonra T\u00fcrkiye yeni bir mecraya girer&#8221; dedi.<\/span> <\/p>\n<p> <strong> <span style=\"font-size:14px;\">&#8220;Avrupa ayr\u0131mc\u0131l\u0131k yap\u0131yor&#8221;<\/span> <\/strong> <\/p>\n<p> <span style=\"font-size:14px;\">Almanya ve Hollanda ile son g\u00fcnlerde ya\u015fanan gerilime temas eden Hayati Yaz\u0131c\u0131, &#8220;Biz dileriz ki Avrupal\u0131 dost ve m\u00fcttefiklerimiz, insanl\u0131\u011f\u0131n de\u011ferleri itibar\u0131 ile hassasiyetlerini her zeminde ve her zaman korusunlar. Ama maalesef g\u00f6r\u00fcyoruz ki Avrupal\u0131lar insanl\u0131k de\u011ferleri a\u00e7\u0131s\u0131ndan ayr\u0131mc\u0131l\u0131k yap\u0131yorlar. Bunu g\u00f6rmek \u00fcz\u00fcnt\u00fc verici. Biz arzu ediyoruz ki yabanc\u0131 d\u00fc\u015fmanl\u0131\u011f\u0131n\u0131, \u0131rk\u00e7\u0131l\u0131\u011f\u0131 azalts\u0131nlar. Hollanda ve Almanyal\u0131 siyaset\u00e7ilerin hay\u0131r s\u00f6ylemleri dostlukla ve aram\u0131zdaki hukukla ba\u011fda\u015f\u0131r bir durum de\u011fil. Bunu 16 Nisan&#8217;dan sonra kendileri de serin kanl\u0131 bir \u015fekilde de\u011ferlendireceklerdir&#8221; dedi.<\/span> <\/p>\n","protected":false},"excerpt":{"rendered":"<p>AK Parti Genel Ba\u015fkan Yard\u0131mc\u0131s\u0131 Hayati Yaz\u0131c\u0131, Yalova&#39;da sivil toplum kurulu\u015fu temsilcileri ile bir araya geldi. Yaz\u0131c\u0131, &#8220;Biz \u00fclkenin bug\u00fcn\u00fcn\u00fc<\/p>\n","protected":false},"author":1,"featured_media":4911,"comment_status":"open","ping_status":"open","sticky":false,"template":"","format":"standard","meta":[],"categories":[1],"tags":[],"_links":{"self":[{"href":"http:\/\/www.mertcanpolat.com.tr\/dev\/wp-json\/wp\/v2\/posts\/4910"}],"collection":[{"href":"http:\/\/www.mertcanpolat.com.tr\/dev\/wp-json\/wp\/v2\/posts"}],"about":[{"href":"http:\/\/www.mertcanpolat.com.tr\/dev\/wp-json\/wp\/v2\/types\/post"}],"author":[{"embeddable":true,"href":"http:\/\/www.mertcanpolat.com.tr\/dev\/wp-json\/wp\/v2\/users\/1"}],"replies":[{"embeddable":true,"href":"http:\/\/www.mertcanpolat.com.tr\/dev\/wp-json\/wp\/v2\/comments?post=4910"}],"version-history":[{"count":0,"href":"http:\/\/www.mertcanpolat.com.tr\/dev\/wp-json\/wp\/v2\/posts\/4910\/revisions"}],"wp:featuredmedia":[{"embeddable":true,"href":"http:\/\/www.mertcanpolat.com.tr\/dev\/wp-json\/wp\/v2\/media\/4911"}],"wp:attachment":[{"href":"http:\/\/www.mertcanpolat.com.tr\/dev\/wp-json\/wp\/v2\/media?parent=4910"}],"wp:term":[{"taxonomy":"category","embeddable":true,"href":"http:\/\/www.mertcanpolat.com.tr\/dev\/wp-json\/wp\/v2\/categories?post=4910"},{"taxonomy":"post_tag","embeddable":true,"href":"http:\/\/www.mertcanpolat.com.tr\/dev\/wp-json\/wp\/v2\/tags?post=4910"}],"curies":[{"name":"wp","href":"https:\/\/api.w.org\/{rel}","templated":true}]}}