{"id":4906,"date":"2017-03-23T13:20:00","date_gmt":"2017-03-23T13:20:00","guid":{"rendered":"http:\/\/www.mertcanpolat.com.tr\/dev\/index.php\/2017\/03\/23\/ak-partiden-altinova-cikarmasi\/"},"modified":"2017-03-23T13:20:00","modified_gmt":"2017-03-23T13:20:00","slug":"ak-partiden-altinova-cikarmasi","status":"publish","type":"post","link":"http:\/\/www.mertcanpolat.com.tr\/dev\/ak-partiden-altinova-cikarmasi\/","title":{"rendered":"AK PART\u0130\u2019DEN ALTINOVA \u00c7IKARMASI"},"content":{"rendered":"<p><b>AK Parti Yalova te\u015fkilat\u0131 Alt\u0131nova\u2019ya \u00e7\u0131karma yapt\u0131. AK Parti Yalova \u0130l Ba\u015fkan\u0131 Yusuf Ziya \u00d6ztabak ve Milletvekili Fikri Demirel\u2019in \u00f6nderli\u011finde Alt\u0131nova\u2019daki halk ve esnaf\u0131 ziyaret eden AK Parti te\u015fkilat mensuplar\u0131 il\u00e7e, belde ve k\u00f6ylerde 16 Nisan g\u00fcn\u00fc yap\u0131lacak olan referandum i\u00e7in destek istedi.<\/b>   <\/p>\n<p> <span style=\"font-size:14px;\">Alt\u0131nova\u2019daki halk ve esnaf ziyaretlerine AK Parti \u0130l Ba\u015fkan\u0131 Yusuf Ziya \u00d6ztabak ve Milletvekili Fikri Demirel\u2019in yan\u0131 s\u0131ra Alt\u0131nova \u0130l\u00e7e Ba\u015fkan\u0131 Hasan Zafer, Alt\u0131nova Belediye Ba\u015fkan\u0131 Metin Oral, Suba\u015f\u0131 Belde Ba\u015fkan\u0131 Serkan Gedik, Suba\u015f\u0131 Belediye Ba\u015fkan\u0131 Volkan Y\u0131lmaz, Tav\u015fanl\u0131 Belde Ba\u015fkan\u0131 Murat Yoltan, Tav\u015fanl\u0131 Belediye Ba\u015fkan\u0131 Kadri \u00c7i\u00e7ek, Kad\u0131n ve Gen\u00e7lik Kollar\u0131 da kat\u0131ld\u0131<\/span> <\/p>\n<p> <strong> <span style=\"font-size:14px;\">Yeni sistemi anlat\u0131yorlar<\/span> <\/strong> <\/p>\n<p> <span style=\"font-size:14px;\">Alt\u0131nova halk\u0131 ve esnaf\u0131n\u0131n sorunlar\u0131n\u0131 dinleyen AK Parti te\u015fkilat\u0131, taleplerin yerine getirilmesi ad\u0131na gerekli giri\u015fimlerin yap\u0131laca\u011f\u0131n\u0131n s\u00f6z\u00fcn\u00fc halka verdi. 16 Nisan\u2019\u0131n T\u00fcrkiye i\u00e7in b\u00fcy\u00fck bir f\u0131rsat oldu\u011funu dile getiren AK Parti \u0130l Ba\u015fkan\u0131 Yusuf Ziya \u00d6ztabak, \u201cTe\u015fkilat\u0131m\u0131zla birlikte, gecemizi g\u00fcnd\u00fcz\u00fcm\u00fcze katarak, hafta i\u00e7i, hafta sonu mesai mefhumu g\u00f6zetmeksizin \u00e7al\u0131\u015f\u0131yoruz. Gitti\u011fimiz yerlerde, g\u00f6r\u00fc\u015ft\u00fc\u011f\u00fcm\u00fcz vatanda\u015flar\u0131n s\u00fcreci nas\u0131l izlediklerine, \u00fclkemizde olup bitenleri g\u00f6rd\u00fcklerine ve \u015fer odaklar\u0131n oyunlar\u0131n\u0131 \u00e7ok iyi bildiklerine \u015fahitlik ediyoruz. Hem\u015ferilerimiz her \u015feyin fark\u0131nda ve in\u015fallah bu desteklerle, \u00fclkemiz 17 Nisan sabah\u0131nda yeni bir sisteme, ayd\u0131nl\u0131k bir T\u00fcrkiye\u2019ye uyanacak\u201d ifadelerini kulland\u0131.<\/span> <\/p>\n<p> <strong> <span style=\"font-size:14px;\">Yeni sistemin kazan\u0131mlar\u0131 vatanda\u015fa aktar\u0131l\u0131yor..<img alt=\"\" src=\"http:\/\/ajansyalova.com\/Images\/Thumbs\/Editor\/5978-ak-partiden-altinova-cikarmasi-23.jpeg\" style=\"border-width: 2px; border-style: solid; margin: 2px; float: right; width: 601px; height: 338px;\" \/> <\/span> <\/strong> <\/p>\n<p> <span style=\"font-size:14px;\">Cumhurba\u015fkanl\u0131\u011f\u0131 H\u00fck\u00fcmet Sistemi\u2019nin daha g\u00fc\u00e7l\u00fc bir T\u00fcrkiye i\u00e7in, h\u0131zl\u0131 ve etkin bir y\u00f6netim, ekonomik kalk\u0131nma, refah ve b\u00fcy\u00fcme ad\u0131mlar\u0131n\u0131 h\u0131zland\u0131racak bir sistem olaca\u011f\u0131na i\u015faret eden Ba\u015fkan \u00d6ztabak, milletin takdirine sunulan yeni sistemin \u00f6z\u00fcnde Cumhurba\u015fkanl\u0131\u011f\u0131 ve Ba\u015fbakanl\u0131\u011f\u0131n birle\u015ftirilerek, g\u00fc\u00e7l\u00fc, etkin, h\u0131zl\u0131 ve sorumlu bir y\u00fcr\u00fctmenin olu\u015fturulmas\u0131 oldu\u011funu vurgulad\u0131.<\/span> <\/p>\n<p> <span style=\"font-size:14px;\">Ziyaretlerinde konu\u015fmalar\u0131na, Cumhurba\u015fkan\u0131 Recep Tayyip Erdo\u011fan\u2019\u0131n \u2018Tek millet, tek bayrak, tek vatan ve tek devlet\u2019 i\u00e7in referandumda evet \u00e7a\u011fr\u0131s\u0131n\u0131 yineleyerek ba\u015flayan Ba\u015fkan \u00d6ztabak, 16 Nisan\u2019\u0131n T\u00fcrkiye\u2019nin ayd\u0131nl\u0131k yar\u0131nlar\u0131na vesile olaca\u011f\u0131na vurgu yaparak, yeni sistemin kazan\u0131mlar\u0131n\u0131 vatanda\u015flara aktar\u0131yor.<\/span> <\/p>\n<p> <span style=\"font-size:14px;\">AK Parti Yalova Milletvekili Fikri Demirel ise \u201cT\u00fcrkiye y\u00f6netim sistemini de\u011fi\u015ftiriyor. Darbelerin, krizlerin, kaoslar\u0131n sebebi olan mevcut sistem yerine d\u00fcnyan\u0131n en geli\u015fmi\u015f \u00fclkelerinin kulland\u0131\u011f\u0131 sisteme ge\u00e7iyoruz. Bunun ad\u0131n\u0131 Cumhurba\u015fkanl\u0131\u011f\u0131 sistemi olarak koyduk ve milletimizin \u00f6n\u00fcne getirdik. Bu sistem yerlidir. Bu anayasa de\u011fi\u015fikli\u011fi \u00fclkemiz i\u00e7in tarihi bir f\u0131rsat. Kendisini yerli ve milli olarak g\u00f6ren herkes bu anayasa de\u011fi\u015fikli\u011fini sahiplenmelidir. Milletimizin gelece\u011fi ad\u0131na att\u0131\u011f\u0131m\u0131z her ad\u0131m bug\u00fcne kadar vesayet odaklar\u0131 ve ter\u00f6r \u00f6rg\u00fctleri taraf\u0131ndan sabote edilmeye \u00e7al\u0131\u015f\u0131ld\u0131. Biz diyoruz ki, \u2018\u0130\u015fimiz Hizmet, G\u00fcc\u00fcm\u00fcz Millet Karar\u0131m\u0131z Evet\u2019 16 Nisan Halk Oylamas\u0131nda T\u00fcrkiye \u201cevet\u201d ile g\u00fc\u00e7lenmeye devam edecektir\u201d dedi.<\/span> <\/p>\n<p>&nbsp;<\/p>\n","protected":false},"excerpt":{"rendered":"<p>AK Parti Yalova te\u015fkilat\u0131 Alt\u0131nova\u2019ya \u00e7\u0131karma yapt\u0131. AK Parti Yalova \u0130l Ba\u015fkan\u0131 Yusuf Ziya \u00d6ztabak ve Milletvekili Fikri Demirel\u2019in \u00f6nderli\u011finde<\/p>\n","protected":false},"author":1,"featured_media":4907,"comment_status":"open","ping_status":"open","sticky":false,"template":"","format":"standard","meta":[],"categories":[1],"tags":[],"_links":{"self":[{"href":"http:\/\/www.mertcanpolat.com.tr\/dev\/wp-json\/wp\/v2\/posts\/4906"}],"collection":[{"href":"http:\/\/www.mertcanpolat.com.tr\/dev\/wp-json\/wp\/v2\/posts"}],"about":[{"href":"http:\/\/www.mertcanpolat.com.tr\/dev\/wp-json\/wp\/v2\/types\/post"}],"author":[{"embeddable":true,"href":"http:\/\/www.mertcanpolat.com.tr\/dev\/wp-json\/wp\/v2\/users\/1"}],"replies":[{"embeddable":true,"href":"http:\/\/www.mertcanpolat.com.tr\/dev\/wp-json\/wp\/v2\/comments?post=4906"}],"version-history":[{"count":0,"href":"http:\/\/www.mertcanpolat.com.tr\/dev\/wp-json\/wp\/v2\/posts\/4906\/revisions"}],"wp:featuredmedia":[{"embeddable":true,"href":"http:\/\/www.mertcanpolat.com.tr\/dev\/wp-json\/wp\/v2\/media\/4907"}],"wp:attachment":[{"href":"http:\/\/www.mertcanpolat.com.tr\/dev\/wp-json\/wp\/v2\/media?parent=4906"}],"wp:term":[{"taxonomy":"category","embeddable":true,"href":"http:\/\/www.mertcanpolat.com.tr\/dev\/wp-json\/wp\/v2\/categories?post=4906"},{"taxonomy":"post_tag","embeddable":true,"href":"http:\/\/www.mertcanpolat.com.tr\/dev\/wp-json\/wp\/v2\/tags?post=4906"}],"curies":[{"name":"wp","href":"https:\/\/api.w.org\/{rel}","templated":true}]}}