{"id":4904,"date":"2017-03-23T13:30:00","date_gmt":"2017-03-23T13:30:00","guid":{"rendered":"http:\/\/www.mertcanpolat.com.tr\/dev\/index.php\/2017\/03\/23\/atanin-ozel-notlarini-anlatti\/"},"modified":"2017-03-23T13:30:00","modified_gmt":"2017-03-23T13:30:00","slug":"atanin-ozel-notlarini-anlatti","status":"publish","type":"post","link":"http:\/\/www.mertcanpolat.com.tr\/dev\/atanin-ozel-notlarini-anlatti\/","title":{"rendered":"ATA&#39;NIN \u00d6ZEL NOTLARINI ANLATTI"},"content":{"rendered":"<p><b>Yalova Belediyesi Mart ay\u0131 k\u00fclt\u00fcr sanat etkinlikleri Tarih\u00e7i-Yazar Sinan Meydan\u2019\u0131n, \u2018Atat\u00fcrk\u2019\u00fcn Ulusal Egemenlik M\u00fccadelesi\u2019 konulu s\u00f6yle\u015fisiyle devam etti<\/b>   <\/p>\n<p> <span style=\"font-size:14px;\">.Yalova Belediyesi ve T\u00fcrk \u00dcniversiteli Kad\u0131nlar Birli\u011fi Yalova \u015eubesi taraf\u0131ndan d\u00fczenlenen Sinan Meydan s\u00f6yle\u015fisi ve imza etkinli\u011fi Raif Din\u00e7k\u00f6k K\u00fclt\u00fcr Merkezinde yap\u0131ld\u0131. Kitaplar\u0131nda a\u011f\u0131rl\u0131kl\u0131 olarak Atat\u00fcrk\u2019\u00fcn hayat\u0131, tarih ve dil \u00e7al\u0131\u015fmalar\u0131 ile Cumhuriyet tarihini inceleyen Sinan Meydan, Yaloval\u0131lara Atat\u00fcrk\u2019\u00fcn \u00f6zel notlar\u0131yla, yak\u0131nlar\u0131n\u0131n aktard\u0131klar\u0131yla ve Ulusal Egemenlik M\u00fccadelesi hakk\u0131nda verimli bir s\u00f6yle\u015fi ger\u00e7ekle\u015ftirdi. Milli m\u00fccadele y\u0131llar\u0131 ve Cumhuriyetin ilan\u0131ndan sonraki s\u00fcre\u00e7te ya\u015fanan geli\u015fmeleri dinleyicilerle payla\u015ft\u0131. Atat\u00fcrk\u2019\u00fcn g\u00fcn\u00fcm\u00fcze de \u0131\u015f\u0131k tutacak anekdotlar\u0131n\u0131 ve konu\u015fmalar\u0131n\u0131 payla\u015fan Sinan Meydan \u00f6n\u00fcm\u00fczdeki referandum s\u00fcreciyle ilgili de a\u00e7\u0131klamalarda bulundu.&nbsp;<\/span> <\/p>\n<p> <span style=\"font-size:14px;\">S\u00f6yle\u015finin \u00f6ncesinde konu\u015fma yapan Yalova Belediye Ba\u015fkan\u0131 Vefa Salman, kat\u0131l\u0131mdan dolay\u0131 Sinan Meydan\u2019a te\u015fekk\u00fcr ederek k\u0131sa bir s\u00fcre sonra yap\u0131lacak referanduma y\u00f6nelik \u00e7al\u0131\u015fmalara devam etti\u011fini dile getirdi.<\/span> <\/p>\n<p>&nbsp;<\/p>\n","protected":false},"excerpt":{"rendered":"<p>Yalova Belediyesi Mart ay\u0131 k\u00fclt\u00fcr sanat etkinlikleri Tarih\u00e7i-Yazar Sinan Meydan\u2019\u0131n, \u2018Atat\u00fcrk\u2019\u00fcn Ulusal Egemenlik M\u00fccadelesi\u2019 konulu s\u00f6yle\u015fisiyle devam etti .Yalova Belediyesi<\/p>\n","protected":false},"author":1,"featured_media":4905,"comment_status":"open","ping_status":"open","sticky":false,"template":"","format":"standard","meta":[],"categories":[1],"tags":[],"_links":{"self":[{"href":"http:\/\/www.mertcanpolat.com.tr\/dev\/wp-json\/wp\/v2\/posts\/4904"}],"collection":[{"href":"http:\/\/www.mertcanpolat.com.tr\/dev\/wp-json\/wp\/v2\/posts"}],"about":[{"href":"http:\/\/www.mertcanpolat.com.tr\/dev\/wp-json\/wp\/v2\/types\/post"}],"author":[{"embeddable":true,"href":"http:\/\/www.mertcanpolat.com.tr\/dev\/wp-json\/wp\/v2\/users\/1"}],"replies":[{"embeddable":true,"href":"http:\/\/www.mertcanpolat.com.tr\/dev\/wp-json\/wp\/v2\/comments?post=4904"}],"version-history":[{"count":0,"href":"http:\/\/www.mertcanpolat.com.tr\/dev\/wp-json\/wp\/v2\/posts\/4904\/revisions"}],"wp:featuredmedia":[{"embeddable":true,"href":"http:\/\/www.mertcanpolat.com.tr\/dev\/wp-json\/wp\/v2\/media\/4905"}],"wp:attachment":[{"href":"http:\/\/www.mertcanpolat.com.tr\/dev\/wp-json\/wp\/v2\/media?parent=4904"}],"wp:term":[{"taxonomy":"category","embeddable":true,"href":"http:\/\/www.mertcanpolat.com.tr\/dev\/wp-json\/wp\/v2\/categories?post=4904"},{"taxonomy":"post_tag","embeddable":true,"href":"http:\/\/www.mertcanpolat.com.tr\/dev\/wp-json\/wp\/v2\/tags?post=4904"}],"curies":[{"name":"wp","href":"https:\/\/api.w.org\/{rel}","templated":true}]}}