{"id":4900,"date":"2017-03-23T14:01:00","date_gmt":"2017-03-23T14:01:00","guid":{"rendered":"http:\/\/www.mertcanpolat.com.tr\/dev\/index.php\/2017\/03\/23\/universiteden-uluslararasi-basari\/"},"modified":"2017-03-23T14:01:00","modified_gmt":"2017-03-23T14:01:00","slug":"universiteden-uluslararasi-basari","status":"publish","type":"post","link":"http:\/\/www.mertcanpolat.com.tr\/dev\/universiteden-uluslararasi-basari\/","title":{"rendered":"\u00dcN\u0130VERS\u0130TEDEN ULUSLARARASI BA\u015eARI"},"content":{"rendered":"<p><b>Yalova \u00dcniversitesi \u0130leti\u015fim Sanatlar\u0131 B\u00f6l\u00fcm\u00fc \u00f6\u011frencileri \u00e7ektikleri k\u0131sa filmle uluslararas\u0131 festivalde finale kalmay\u0131 ba\u015fard\u0131.<\/b>   <\/p>\n<p> <span style=\"font-size:14px;\">15.Uluslararas\u0131 \u00c7evre K\u0131sa Film Festivali kapsam\u0131nda ger\u00e7ekle\u015ftirilen Ulusal \u00c7evre K\u0131sa Film Yar\u0131\u015fmas\u0131\u2019nda Yalova \u00dcniversitesi Sanat ve Tasar\u0131m Fak\u00fcltesi, \u0130leti\u015fim Sanatlar\u0131 B\u00f6l\u00fcm\u00fc 2. S\u0131n\u0131f \u00f6\u011frencilerinin senaryo yazarl\u0131\u011f\u0131 ve y\u00f6netmenli\u011fini ger\u00e7ekle\u015ftirdi\u011fi \u201cKay\u0131t\u201d isimli film 3 bran\u015fta yar\u0131\u015fan 200 film aras\u0131ndan \u201cKurmaca\u201d dal\u0131nda ilk 15 film aras\u0131na girerek finale kalmay\u0131 ba\u015fard\u0131.<\/span> <\/p>\n<p> <span style=\"font-size:14px;\">Dan\u0131\u015fmanl\u0131\u011f\u0131n\u0131 Prof. Dr. Eda Balka\u015f Erdo\u011fan\u2019\u0131n yapt\u0131\u011f\u0131, k\u0131sa filmin senaryosu Taha Babacan\u2019a ait. Kameramanl\u0131\u011f\u0131n\u0131 Tunahan Kahraman, \u0131\u015f\u0131\u011f\u0131n\u0131 Yasin Tacar, sanat y\u00f6netmenli\u011fini Zafer Kay\u0131m yapt\u0131\u011f\u0131 filmde Fatih Ayranc\u0131 rol ald\u0131.<\/span> <\/p>\n<p>&nbsp;<\/p>\n<p>&nbsp;<\/p>\n<p>&nbsp;<\/p>\n","protected":false},"excerpt":{"rendered":"<p>Yalova \u00dcniversitesi \u0130leti\u015fim Sanatlar\u0131 B\u00f6l\u00fcm\u00fc \u00f6\u011frencileri \u00e7ektikleri k\u0131sa filmle uluslararas\u0131 festivalde finale kalmay\u0131 ba\u015fard\u0131. 15.Uluslararas\u0131 \u00c7evre K\u0131sa Film Festivali kapsam\u0131nda<\/p>\n","protected":false},"author":1,"featured_media":4901,"comment_status":"open","ping_status":"open","sticky":false,"template":"","format":"standard","meta":[],"categories":[1],"tags":[],"_links":{"self":[{"href":"http:\/\/www.mertcanpolat.com.tr\/dev\/wp-json\/wp\/v2\/posts\/4900"}],"collection":[{"href":"http:\/\/www.mertcanpolat.com.tr\/dev\/wp-json\/wp\/v2\/posts"}],"about":[{"href":"http:\/\/www.mertcanpolat.com.tr\/dev\/wp-json\/wp\/v2\/types\/post"}],"author":[{"embeddable":true,"href":"http:\/\/www.mertcanpolat.com.tr\/dev\/wp-json\/wp\/v2\/users\/1"}],"replies":[{"embeddable":true,"href":"http:\/\/www.mertcanpolat.com.tr\/dev\/wp-json\/wp\/v2\/comments?post=4900"}],"version-history":[{"count":0,"href":"http:\/\/www.mertcanpolat.com.tr\/dev\/wp-json\/wp\/v2\/posts\/4900\/revisions"}],"wp:featuredmedia":[{"embeddable":true,"href":"http:\/\/www.mertcanpolat.com.tr\/dev\/wp-json\/wp\/v2\/media\/4901"}],"wp:attachment":[{"href":"http:\/\/www.mertcanpolat.com.tr\/dev\/wp-json\/wp\/v2\/media?parent=4900"}],"wp:term":[{"taxonomy":"category","embeddable":true,"href":"http:\/\/www.mertcanpolat.com.tr\/dev\/wp-json\/wp\/v2\/categories?post=4900"},{"taxonomy":"post_tag","embeddable":true,"href":"http:\/\/www.mertcanpolat.com.tr\/dev\/wp-json\/wp\/v2\/tags?post=4900"}],"curies":[{"name":"wp","href":"https:\/\/api.w.org\/{rel}","templated":true}]}}