{"id":4896,"date":"2017-03-23T14:19:00","date_gmt":"2017-03-23T14:19:00","guid":{"rendered":"http:\/\/www.mertcanpolat.com.tr\/dev\/index.php\/2017\/03\/23\/sehitlige-yuruyen-kosk-topragi\/"},"modified":"2017-03-23T14:19:00","modified_gmt":"2017-03-23T14:19:00","slug":"sehitlige-yuruyen-kosk-topragi","status":"publish","type":"post","link":"http:\/\/www.mertcanpolat.com.tr\/dev\/sehitlige-yuruyen-kosk-topragi\/","title":{"rendered":"\u015eEH\u0130TL\u0130\u011eE Y\u00dcR\u00dcYEN K\u00d6\u015eK TOPRA\u011eI"},"content":{"rendered":"<p><b>\u00c7a\u011fda\u015f Ya\u015fam\u0131 Destekleme Derne\u011fi\u2019nin bu y\u0131l 11.sini organize etti\u011fi Ulusal \u00c7a\u011fda\u015f Gen\u00e7lik \u00c7anakkale Abide Bulu\u015fmas\u0131 25 Mart Cumartesi g\u00fcn\u00fc ger\u00e7ekle\u015fecek.<\/b>   <\/p>\n<p> <span style=\"font-size:14px;\">Y\u00fcr\u00fcyen K\u00f6\u015fk\u2019te \u00c7a\u011fda\u015f Ya\u015fam\u0131 Destekleme Derne\u011fi Yalova \u015eubesi \u00fcyeleri ile bir araya gelen Yalova Belediye Ba\u015fkan\u0131 Vefa Salman, \u015fehitli\u011fe konmak \u00fczere Yalova\u2019dan g\u00f6nderilecek topra\u011f\u0131 k\u00f6\u015fk\u00fcn bah\u00e7esinden alarak dernek \u00fcyelerine teslim etti.<\/span> <\/p>\n<p> <span style=\"font-size:14px;\">1600 gen\u00e7 25 Mart Cumartesi g\u00fcn\u00fc \u00c7anakkale\u2019de bulu\u015facak. \u00c7a\u011fda\u015f Ya\u015fam\u0131 Destekleme Derne\u011fi\u2019nin 81 ilde bulunan 107 \u015fubesine \u00fcye gen\u00e7ler \u00c7anakkale\u2019de \u015fehitlikleri ziyaret edecek. 11. kez yap\u0131lacak olan Ulusal \u00c7a\u011fda\u015f Gen\u00e7lik \u00c7anakkale Abide Bulu\u015fmas\u0131\u2019nda her kentten g\u00f6t\u00fcr\u00fclen topraklar \u015fehitliklere konacak. \u00c7anakkale\u2019ye g\u00f6nderilecek olan topra\u011f\u0131n daha da anlaml\u0131 olmas\u0131 amac\u0131yla Y\u00fcr\u00fcyen K\u00f6\u015fk\u2019\u00fcn bah\u00e7esi se\u00e7ildi. Topra\u011f\u0131 bizzat Yalova Belediye Ba\u015fkan\u0131 Vefa Salman alarak Yalova Gen\u00e7lik Kolayla\u015ft\u0131r\u0131c\u0131s\u0131 Tahir Yaz\u0131c\u0131\u2019ya teslim etti. Yaz\u0131c\u0131 al\u0131nan topra\u011f\u0131n \u015fehitliklere ve T\u00fcrkan Saylan an\u0131s\u0131na dikilecek olan \u00e7\u0131nar a\u011fac\u0131n\u0131n dibine konaca\u011f\u0131n\u0131 belirtti.<\/span> <\/p>\n<p> <span style=\"font-size:14px;\"> <strong>\u201cHer T\u00fcrk Genci \u00c7anakkale\u2019yi G\u00f6rmeli\u201d<img alt=\"\" src=\"http:\/\/ajansyalova.com\/Images\/Thumbs\/Editor\/5984-kosk_toprak3.jpeg\" style=\"border-width: 2px; border-style: solid; margin: 2px; float: right; width: 650px; height: 433px;\" \/> <\/strong> <\/span> <\/p>\n<p> <span style=\"font-size:14px;\">\u00c7a\u011fda\u015f Ya\u015fam\u0131 Destekleme Derne\u011fi \u00fcyelerine hay\u0131rl\u0131 yolculuklar dileyen Ba\u015fkan Salman; \u201cT\u00fcrk tarihine alt\u0131n harflerle kaz\u0131nan \u00c7anakkale Zaferi\u2019nin \u00f6l\u00fcms\u00fcz kahramanlar\u0131n\u0131n \u00fczerine o zaferin mimar\u0131 B\u00fcy\u00fck \u00d6nder Mustafa Kemal Atat\u00fcrk\u2019\u00fcn \u00e7evre abidesi Y\u00fcr\u00fcyen K\u00f6\u015fk\u2019\u00fcn\u00fcn bah\u00e7esinden toprak g\u00f6ndermenin daha anlaml\u0131 olaca\u011f\u0131n\u0131 d\u00fc\u015f\u00fcnd\u00fck. Her T\u00fcrk Genci ge\u00e7mi\u015fini \u00e7ok iyi anlamas\u0131 amac\u0131yla mutlaka \u00c7anakkale\u2019ye gitmeli. O ruhu hissetmeli, ya\u015famal\u0131. Bu vesileyle aziz \u015fehitlerimizi bir kez daha rahmet ve minnetle an\u0131yorum\u201d diye konu\u015ftu.<\/span> <\/p>\n<p> <span style=\"font-size:14px;\">Y\u00fcr\u00fcyen K\u00f6\u015fk bah\u00e7esinden al\u0131nan topra\u011f\u0131 \u00c7a\u011fda\u015f Ya\u015fam\u0131 Destekleme Derne\u011fi Yalova \u015eubesi Ba\u015fkan\u0131 Ay\u015fen Sara\u00e7, Gen\u00e7lik Kolayla\u015ft\u0131r\u0131c\u0131s\u0131 Tahir Yaz\u0131c\u0131 ve Gen\u00e7lik \u00dcyesi \u015eeyma To\u011fan \u00c7anakkale\u2019ye g\u00f6t\u00fcrecek.<\/span> <\/p>\n<p>&nbsp;<\/p>\n","protected":false},"excerpt":{"rendered":"<p>\u00c7a\u011fda\u015f Ya\u015fam\u0131 Destekleme Derne\u011fi\u2019nin bu y\u0131l 11.sini organize etti\u011fi Ulusal \u00c7a\u011fda\u015f Gen\u00e7lik \u00c7anakkale Abide Bulu\u015fmas\u0131 25 Mart Cumartesi g\u00fcn\u00fc ger\u00e7ekle\u015fecek.<\/p>\n","protected":false},"author":1,"featured_media":4897,"comment_status":"open","ping_status":"open","sticky":false,"template":"","format":"standard","meta":[],"categories":[1],"tags":[],"_links":{"self":[{"href":"http:\/\/www.mertcanpolat.com.tr\/dev\/wp-json\/wp\/v2\/posts\/4896"}],"collection":[{"href":"http:\/\/www.mertcanpolat.com.tr\/dev\/wp-json\/wp\/v2\/posts"}],"about":[{"href":"http:\/\/www.mertcanpolat.com.tr\/dev\/wp-json\/wp\/v2\/types\/post"}],"author":[{"embeddable":true,"href":"http:\/\/www.mertcanpolat.com.tr\/dev\/wp-json\/wp\/v2\/users\/1"}],"replies":[{"embeddable":true,"href":"http:\/\/www.mertcanpolat.com.tr\/dev\/wp-json\/wp\/v2\/comments?post=4896"}],"version-history":[{"count":0,"href":"http:\/\/www.mertcanpolat.com.tr\/dev\/wp-json\/wp\/v2\/posts\/4896\/revisions"}],"wp:featuredmedia":[{"embeddable":true,"href":"http:\/\/www.mertcanpolat.com.tr\/dev\/wp-json\/wp\/v2\/media\/4897"}],"wp:attachment":[{"href":"http:\/\/www.mertcanpolat.com.tr\/dev\/wp-json\/wp\/v2\/media?parent=4896"}],"wp:term":[{"taxonomy":"category","embeddable":true,"href":"http:\/\/www.mertcanpolat.com.tr\/dev\/wp-json\/wp\/v2\/categories?post=4896"},{"taxonomy":"post_tag","embeddable":true,"href":"http:\/\/www.mertcanpolat.com.tr\/dev\/wp-json\/wp\/v2\/tags?post=4896"}],"curies":[{"name":"wp","href":"https:\/\/api.w.org\/{rel}","templated":true}]}}