{"id":4894,"date":"2017-03-23T15:43:00","date_gmt":"2017-03-23T15:43:00","guid":{"rendered":"http:\/\/www.mertcanpolat.com.tr\/dev\/index.php\/2017\/03\/23\/chp-ciftlikkoyden-hayirli-tur\/"},"modified":"2017-03-23T15:43:00","modified_gmt":"2017-03-23T15:43:00","slug":"chp-ciftlikkoyden-hayirli-tur","status":"publish","type":"post","link":"http:\/\/www.mertcanpolat.com.tr\/dev\/chp-ciftlikkoyden-hayirli-tur\/","title":{"rendered":"CHP \u00c7\u0130FTL\u0130KK\u00d6Y&#39;DEN &#39;HAYIRLI&#39; TUR"},"content":{"rendered":"<p><b>CHP \u0130l Ba\u015fkan\u0131 \u00d6zcan \u00d6zel ve il y\u00f6netimi 16 Nisan\u2019daki referandum \u00e7al\u0131\u015fmalar\u0131n\u0131 \u00c7iftlikk\u00f6y\u2019de s\u00fcrd\u00fcrd\u00fc.<\/b>   <\/p>\n<p> <span style=\"font-size:14px;\">CHP\u2019nin \u00c7iftlikk\u00f6y\u2019deki se\u00e7im \u00e7al\u0131\u015fmalar\u0131na \u0130l Ba\u015fkan\u0131 \u00d6zcan \u00d6zel ile birlikte il y\u00f6netimi, \u0130l\u00e7e Ba\u015fkan\u0131 Nedim G\u00fcler, il\u00e7e y\u00f6neticileriyle gen\u00e7lik ve kad\u0131n kollar\u0131 \u00fcyeleri kat\u0131ld\u0131. \u0130l\u00e7e merkezindeki kahvehaneleri dola\u015fan \u00d6zel ve G\u00fcler, referandumda vatanda\u015flardan \u2018hay\u0131r\u2019 oyu istedi. \u00c7iftlikk\u00f6y esnaf\u0131na da \u201chay\u0131rl\u0131 i\u015fler\u201d diyen CHP heyeti Sahil Mahallesi ve \u00c7iftlik Mahallesi\u2019ndeki vatanda\u015flarla bir araya geldi.<\/span> <\/p>\n<p> <span style=\"font-size:14px;\">CHP \u00c7iftlikk\u00f6y \u0130l\u00e7e Ba\u015fkan\u0131 Nedim G\u00fcler, 16 Nisan referandumu \u00f6ncesinde \u00e7al\u0131\u015fmalar\u0131n\u0131 h\u0131zland\u0131rd\u0131klar\u0131n\u0131 ifade ederek \u201cVatanda\u015flar\u0131m\u0131zla her f\u0131rsatta bir araya gelip \u2018hay\u0131r\u2019\u0131 anlatmaya \u00e7al\u0131\u015f\u0131yoruz. Gerek ev ziyaretlerimizle gerekse de saha \u00e7al\u0131\u015fmalar\u0131m\u0131zla bu anayasa de\u011fi\u015fikli\u011finin kabul edilmesi halinde olacaklar\u0131, parlamenter demokrasinin faydalar\u0131n\u0131 anlat\u0131yoruz. Vatanda\u015flar\u0131m\u0131zdan g\u00f6rd\u00fc\u011f\u00fcm\u00fcz tevecc\u00fch ve g\u00fcvenle \u00e7al\u0131\u015fmalar\u0131m\u0131z\u0131 artt\u0131rarak devam ettirece\u011fiz\u201d diye konu\u015ftu.<\/span> <\/p>\n","protected":false},"excerpt":{"rendered":"<p>CHP \u0130l Ba\u015fkan\u0131 \u00d6zcan \u00d6zel ve il y\u00f6netimi 16 Nisan\u2019daki referandum \u00e7al\u0131\u015fmalar\u0131n\u0131 \u00c7iftlikk\u00f6y\u2019de s\u00fcrd\u00fcrd\u00fc. CHP\u2019nin \u00c7iftlikk\u00f6y\u2019deki se\u00e7im \u00e7al\u0131\u015fmalar\u0131na \u0130l Ba\u015fkan\u0131<\/p>\n","protected":false},"author":1,"featured_media":4895,"comment_status":"open","ping_status":"open","sticky":false,"template":"","format":"standard","meta":[],"categories":[1],"tags":[],"_links":{"self":[{"href":"http:\/\/www.mertcanpolat.com.tr\/dev\/wp-json\/wp\/v2\/posts\/4894"}],"collection":[{"href":"http:\/\/www.mertcanpolat.com.tr\/dev\/wp-json\/wp\/v2\/posts"}],"about":[{"href":"http:\/\/www.mertcanpolat.com.tr\/dev\/wp-json\/wp\/v2\/types\/post"}],"author":[{"embeddable":true,"href":"http:\/\/www.mertcanpolat.com.tr\/dev\/wp-json\/wp\/v2\/users\/1"}],"replies":[{"embeddable":true,"href":"http:\/\/www.mertcanpolat.com.tr\/dev\/wp-json\/wp\/v2\/comments?post=4894"}],"version-history":[{"count":0,"href":"http:\/\/www.mertcanpolat.com.tr\/dev\/wp-json\/wp\/v2\/posts\/4894\/revisions"}],"wp:featuredmedia":[{"embeddable":true,"href":"http:\/\/www.mertcanpolat.com.tr\/dev\/wp-json\/wp\/v2\/media\/4895"}],"wp:attachment":[{"href":"http:\/\/www.mertcanpolat.com.tr\/dev\/wp-json\/wp\/v2\/media?parent=4894"}],"wp:term":[{"taxonomy":"category","embeddable":true,"href":"http:\/\/www.mertcanpolat.com.tr\/dev\/wp-json\/wp\/v2\/categories?post=4894"},{"taxonomy":"post_tag","embeddable":true,"href":"http:\/\/www.mertcanpolat.com.tr\/dev\/wp-json\/wp\/v2\/tags?post=4894"}],"curies":[{"name":"wp","href":"https:\/\/api.w.org\/{rel}","templated":true}]}}