{"id":4892,"date":"2017-03-23T16:08:00","date_gmt":"2017-03-23T16:08:00","guid":{"rendered":"http:\/\/www.mertcanpolat.com.tr\/dev\/index.php\/2017\/03\/23\/referandumun-yildizi-muharrem-ince\/"},"modified":"2017-03-23T16:08:00","modified_gmt":"2017-03-23T16:08:00","slug":"referandumun-yildizi-muharrem-ince","status":"publish","type":"post","link":"http:\/\/www.mertcanpolat.com.tr\/dev\/referandumun-yildizi-muharrem-ince\/","title":{"rendered":"REFERANDUMUN YILDIZI MUHARREM \u0130NCE"},"content":{"rendered":"<p><b>Referandum \u00e7al\u0131\u015fmalar\u0131 son s\u00fcrat devam ederken \u2018hay\u0131r\u2019 cephesinin y\u0131ld\u0131z\u0131 yapt\u0131\u011f\u0131 mitinglerle CHP Yalova Milletvekili Muharrem \u0130nce oldu.<\/b>   <\/p>\n<p> <span style=\"font-size:14px;\">16 Nisan\u2019da yap\u0131lacak anayasa referandumu i\u00e7in 24 \u015eubat\u2019ta \u0130stanbul Avc\u0131lar\u2019da mitinglerine ba\u015flayan CHP Yalova Milletvekili Muharrem \u0130nce, bug\u00fcne kadar 24 ayr\u0131 ilde 34 miting yapt\u0131. Mitinglerdeki kulland\u0131\u011f\u0131 halk dili ve co\u015fkulu anlat\u0131m\u0131yla \u2018hay\u0131r\u2019 cephesinin en \u00f6ne \u00e7\u0131kan isimlerinden bir tanesi olan \u0130nce, hemen her mitinginde binlerce ki\u015fiye hitap etti. G\u00fcney Marmara ve Trakya\u2019da yo\u011fun bir ilgiyle kar\u015f\u0131lanan \u0130nce, CHP\u2019nin oy oran\u0131n\u0131n nispeten d\u00fc\u015f\u00fck oldu\u011fu \u0130\u00e7 Anadolu\u2019da da ciddi oranda dinleyici toplad\u0131.<\/span> <\/p>\n<p> <span style=\"font-size:14px;\">Yapt\u0131\u011f\u0131 mitinglerde co\u015fkulu bir kalabal\u0131\u011fa neden \u2018hay\u0131r\u2019 denilmesi gerekti\u011fini anlatan \u0130nce\u2019nin performans\u0131 k\u00f6\u015fe yazarlar\u0131n\u0131n da dikkatinden ka\u00e7mad\u0131. H\u00fcrriyet Gazetesi ve Kanal D anchorman\u2019i Ahmet Hakan da bug\u00fcnk\u00fc k\u00f6\u015fe yaz\u0131s\u0131nda \u0130nce\u2019den \u2018Klasik CHP\u2019yi bitiren CHP\u2019nin yeni star\u0131\u2019 olarak s\u00f6z etti. Hakan, \u0130nce i\u00e7in \u201cKlasik CHP\u2019lilere hi\u00e7 benzemiyor. Anadolu\u2019yu tek ba\u015f\u0131na dola\u015f\u0131yor. Halk tipi benzetmelerle ilgi oda\u011f\u0131\u201d ifadelerini kulland\u0131.<img alt=\"\" src=\"http:\/\/ajansyalova.com\/Images\/Thumbs\/Editor\/5987-maxresdefault.jpeg\" style=\"border-width: 2px; border-style: solid; margin: 2px; float: right; width: 500px; height: 281px;\" \/> <\/span> <\/p>\n<p> <span style=\"font-size:14px;\">Ahmet Hakan, \u2018Evet ve Hay\u0131r\u2019\u0131n en etkili 5 ismi\u2019 ba\u015fl\u0131kl\u0131 k\u00f6\u015fe yaz\u0131s\u0131nda da Muharrem \u0130nce\u2019nin performans\u0131na de\u011findi ve \u201cTek ba\u015f\u0131na mitingler yap\u0131yor. Tek ba\u015f\u0131na T\u00fcrkiye\u2019yi dola\u015f\u0131yor. Parlak bulu\u015flarla, etkili hitabetiyle dikkat \u00e7ekiyor. Dinleyici bulmas\u0131, ilgi \u00e7ekici olmas\u0131&#8230; \u2018hay\u0131r\u2019\u0131n en \u00f6nemli avantaj\u0131\u201d dedi.<\/span> <\/p>\n<p> <span style=\"font-size:14px;\">T\u00fcrkiye \u00e7ap\u0131ndaki mitinglerini s\u00fcrd\u00fcrecek olan Muharrem \u0130nce, 9-16 Nisan aras\u0131nda ise Yalova\u2019da olacak.<\/span> <\/p>\n<p>&nbsp;<\/p>\n<p>&nbsp;<\/p>\n","protected":false},"excerpt":{"rendered":"<p>Referandum \u00e7al\u0131\u015fmalar\u0131 son s\u00fcrat devam ederken \u2018hay\u0131r\u2019 cephesinin y\u0131ld\u0131z\u0131 yapt\u0131\u011f\u0131 mitinglerle CHP Yalova Milletvekili Muharrem \u0130nce oldu. 16 Nisan\u2019da yap\u0131lacak<\/p>\n","protected":false},"author":1,"featured_media":4893,"comment_status":"open","ping_status":"open","sticky":false,"template":"","format":"standard","meta":[],"categories":[1],"tags":[],"_links":{"self":[{"href":"http:\/\/www.mertcanpolat.com.tr\/dev\/wp-json\/wp\/v2\/posts\/4892"}],"collection":[{"href":"http:\/\/www.mertcanpolat.com.tr\/dev\/wp-json\/wp\/v2\/posts"}],"about":[{"href":"http:\/\/www.mertcanpolat.com.tr\/dev\/wp-json\/wp\/v2\/types\/post"}],"author":[{"embeddable":true,"href":"http:\/\/www.mertcanpolat.com.tr\/dev\/wp-json\/wp\/v2\/users\/1"}],"replies":[{"embeddable":true,"href":"http:\/\/www.mertcanpolat.com.tr\/dev\/wp-json\/wp\/v2\/comments?post=4892"}],"version-history":[{"count":0,"href":"http:\/\/www.mertcanpolat.com.tr\/dev\/wp-json\/wp\/v2\/posts\/4892\/revisions"}],"wp:featuredmedia":[{"embeddable":true,"href":"http:\/\/www.mertcanpolat.com.tr\/dev\/wp-json\/wp\/v2\/media\/4893"}],"wp:attachment":[{"href":"http:\/\/www.mertcanpolat.com.tr\/dev\/wp-json\/wp\/v2\/media?parent=4892"}],"wp:term":[{"taxonomy":"category","embeddable":true,"href":"http:\/\/www.mertcanpolat.com.tr\/dev\/wp-json\/wp\/v2\/categories?post=4892"},{"taxonomy":"post_tag","embeddable":true,"href":"http:\/\/www.mertcanpolat.com.tr\/dev\/wp-json\/wp\/v2\/tags?post=4892"}],"curies":[{"name":"wp","href":"https:\/\/api.w.org\/{rel}","templated":true}]}}