{"id":4890,"date":"2017-03-24T10:56:00","date_gmt":"2017-03-24T10:56:00","guid":{"rendered":"http:\/\/www.mertcanpolat.com.tr\/dev\/index.php\/2017\/03\/24\/huzurevini-ziyaret-ettiler\/"},"modified":"2017-03-24T10:56:00","modified_gmt":"2017-03-24T10:56:00","slug":"huzurevini-ziyaret-ettiler","status":"publish","type":"post","link":"http:\/\/www.mertcanpolat.com.tr\/dev\/huzurevini-ziyaret-ettiler\/","title":{"rendered":"HUZUREV\u0130N\u0130 Z\u0130YARET ETT\u0130LER"},"content":{"rendered":"<p><b>AK Parti \u0130l Ba\u015fkan\u0131 Yusuf Ziya \u00d6ztabak ve Milletvekili Fikri Demirel\u2019in \u00f6nderli\u011finde il y\u00f6neticileri, kad\u0131n kollar\u0131, il gen\u00e7lik kollar\u0131, merkez il\u00e7e te\u015fkilat\u0131 ve AK Parti \u00c7\u0131narc\u0131k il\u00e7e te\u015fkilat\u0131 \u00c7\u0131narc\u0131k Huzurevi sakinlerini ziyaret etti. AK Parti te\u015fkilat\u0131 Huzurevi sakinleri ile bir araya gelerek kendilerine karanfil ve hediyeler takdim etti. <\/b>   <\/p>\n<p> <span style=\"font-size:14px;\">AK Parti \u0130l Ba\u015fkan\u0131 Yusuf Ziya \u00d6ztabak, ziyaretle ilgili olarak yapt\u0131\u011f\u0131 de\u011ferlendirmesinde, \u201cAK Parti te\u015fkilat\u0131 olarak bu ziyaretimizin olduk\u00e7a anlaml\u0131 oldu\u011funu d\u00fc\u015f\u00fcn\u00fcyorum. Ya\u015fl\u0131l\u0131k her insan\u0131n g\u00f6rece\u011fi bir zaman dilimidir. G\u00f6n\u00fcllerimizde yer oldu\u011funun g\u00f6stergesi olarak bir heyet halinde \u00c7\u0131narc\u0131k Huzurevine bu ziyareti ger\u00e7ekle\u015ftirdik. B\u00fcy\u00fcklerimizin g\u00f6n\u00fcllerini ald\u0131k, \u015f\u00fckran ve sayg\u0131lar\u0131m\u0131z\u0131 sunduk. Burada 100\u2019e yak\u0131n vatanda\u015f\u0131m\u0131z hizmet al\u0131yor. Onlar\u0131 unutmad\u0131\u011f\u0131m\u0131z\u0131 kendilerinin bize emanet oldu\u011funu biliyoruz. Bu g\u00fcnde kendilerinin yaln\u0131z olmad\u0131klar\u0131n\u0131 hissettirmemeye \u00e7al\u0131\u015ft\u0131k. Bizlere bu ziyarette g\u00f6n\u00fcl kap\u0131lar\u0131n\u0131 a\u00e7an huzurevi yetkililerine \u015fahs\u0131m ve partim ad\u0131na te\u015fekk\u00fcr ediyorum\u201d diye konu\u015ftu.<\/span> <\/p>\n<p> <span style=\"font-size:14px;\">AK Parti Milletvekili Fikri Demirel ise \u201cYa\u015fl\u0131lar\u0131m\u0131za \u00e7ok iyi bak\u0131lmas\u0131 gerekti\u011fine inan\u0131yoruz. Bir \u00f6mr\u00fcn b\u00fcy\u00fck k\u0131sm\u0131n\u0131 topluma ve \u00fclkeye hizmetle ge\u00e7irmi\u015f insanlar\u0131n, ya\u015fland\u0131klar\u0131 ve bak\u0131ma muhta\u00e7 olduklar\u0131 d\u00f6nemde \u00f6m\u00fcrlerinin sonuna kadar insan onuruna yak\u0131\u015f\u0131r bir \u015fekilde bak\u0131m talep etme haklar\u0131 vard\u0131r. Ailelerinden ve \u00e7ocuklar\u0131ndan bu hizmeti \u00e7e\u015fitli nedenlerle alamayanlara bu hizmet imkanlar \u00f6l\u00e7\u00fcs\u00fcnde devletimiz taraf\u0131ndan verilmektedir. Huzurevinde kalan ya\u015fl\u0131lar\u0131m\u0131z\u0131n sadece onlar\u0131 ziyaret edecek ve sohbet edecek insanlara ihtiyac\u0131 var. Bu anlamda hepimiz onlarla vakit ge\u00e7irerek \u00f6m\u00fcrlerinin geri kalan\u0131nda mutlu olmalar\u0131n\u0131 sa\u011flamak i\u00e7in k\u00fc\u00e7\u00fck dokunu\u015flar yapabilmeliyiz\u201d diye konu\u015ftu.<\/span> <\/p>\n<p> <span style=\"font-size:14px;\">AK Parti te\u015fkilat\u0131 huzurevi sakinlerini tek tek ziyaret ettikten sonra kendileri ile foto\u011fraf \u00e7ektirdiler. Huzurevi \u00e7al\u0131\u015fanlar\u0131 ile de bir araya gelen partililer bu kutsal g\u00f6revde kendilerine ba\u015far\u0131lar ve kolayl\u0131lar dilediler.<\/span> <\/p>\n","protected":false},"excerpt":{"rendered":"<p>AK Parti \u0130l Ba\u015fkan\u0131 Yusuf Ziya \u00d6ztabak ve Milletvekili Fikri Demirel\u2019in \u00f6nderli\u011finde il y\u00f6neticileri, kad\u0131n kollar\u0131, il gen\u00e7lik kollar\u0131, merkez<\/p>\n","protected":false},"author":1,"featured_media":4891,"comment_status":"open","ping_status":"open","sticky":false,"template":"","format":"standard","meta":[],"categories":[1],"tags":[],"_links":{"self":[{"href":"http:\/\/www.mertcanpolat.com.tr\/dev\/wp-json\/wp\/v2\/posts\/4890"}],"collection":[{"href":"http:\/\/www.mertcanpolat.com.tr\/dev\/wp-json\/wp\/v2\/posts"}],"about":[{"href":"http:\/\/www.mertcanpolat.com.tr\/dev\/wp-json\/wp\/v2\/types\/post"}],"author":[{"embeddable":true,"href":"http:\/\/www.mertcanpolat.com.tr\/dev\/wp-json\/wp\/v2\/users\/1"}],"replies":[{"embeddable":true,"href":"http:\/\/www.mertcanpolat.com.tr\/dev\/wp-json\/wp\/v2\/comments?post=4890"}],"version-history":[{"count":0,"href":"http:\/\/www.mertcanpolat.com.tr\/dev\/wp-json\/wp\/v2\/posts\/4890\/revisions"}],"wp:featuredmedia":[{"embeddable":true,"href":"http:\/\/www.mertcanpolat.com.tr\/dev\/wp-json\/wp\/v2\/media\/4891"}],"wp:attachment":[{"href":"http:\/\/www.mertcanpolat.com.tr\/dev\/wp-json\/wp\/v2\/media?parent=4890"}],"wp:term":[{"taxonomy":"category","embeddable":true,"href":"http:\/\/www.mertcanpolat.com.tr\/dev\/wp-json\/wp\/v2\/categories?post=4890"},{"taxonomy":"post_tag","embeddable":true,"href":"http:\/\/www.mertcanpolat.com.tr\/dev\/wp-json\/wp\/v2\/tags?post=4890"}],"curies":[{"name":"wp","href":"https:\/\/api.w.org\/{rel}","templated":true}]}}