{"id":4886,"date":"2017-03-24T10:59:00","date_gmt":"2017-03-24T10:59:00","guid":{"rendered":"http:\/\/www.mertcanpolat.com.tr\/dev\/index.php\/2017\/03\/24\/cinarcik-huzurevinde-sergi\/"},"modified":"2017-03-24T10:59:00","modified_gmt":"2017-03-24T10:59:00","slug":"cinarcik-huzurevinde-sergi","status":"publish","type":"post","link":"http:\/\/www.mertcanpolat.com.tr\/dev\/cinarcik-huzurevinde-sergi\/","title":{"rendered":"\u00c7INARCIK HUZUREV\u0130NDE SERG\u0130"},"content":{"rendered":"<p><b>Ya\u015fl\u0131lar Haftas\u0131 nedeniyle \u00c7\u0131narc\u0131k Huzurevi\u2019nde \u201c\u0130kinci Bahar El Sanatlar\u0131\u201d adl\u0131 sergi a\u00e7\u0131ld\u0131. Serginin a\u00e7\u0131l\u0131\u015f\u0131na kat\u0131lan \u00c7\u0131narc\u0131k Belediye Ba\u015fkan\u0131 Avni Kurt, huzurevi sakinleriyle bir araya geldi.<\/b>   <\/p>\n<p> <span style=\"font-size:14px;\">Huzurevi sakinlerinin kendi elleriyle yapt\u0131\u011f\u0131 \u00fcr\u00fcnlerin be\u011feniye sunuldu\u011fu serginin a\u00e7\u0131l\u0131\u015f\u0131na \u00c7\u0131narc\u0131k Kaymakam\u0131 Abdullah \u00c7ift\u00e7i, \u00c7\u0131narc\u0131k Belediye Ba\u015fkan Avni Kurt, Aile ve Sosyal Politikalar \u0130l M\u00fcd\u00fcr\u00fc Faruk Uysal, \u0130l\u00e7e Jandarma Komutan\u0131 Enis Kurt da kat\u0131ld\u0131. Serginin kurdelesi protokol \u00fcyeleri taraf\u0131ndan kesilirken huzurevi sakinlerinin el eme\u011fi \u00fcr\u00fcnleri b\u00fcy\u00fck be\u011feni toplad\u0131.<br \/> A\u00e7\u0131l\u0131\u015fa kat\u0131lan \u00c7\u0131narc\u0131k Belediye Ba\u015fkan\u0131 Avni Kurt huzurevi sakinlerinin Ya\u015fl\u0131lar Haftas\u0131\u2019n\u0131 kutlarken onlarla hat\u0131ra foto\u011fraf\u0131 \u00e7ektirmeyi ihmal etmedi.<\/span> <\/p>\n","protected":false},"excerpt":{"rendered":"<p>Ya\u015fl\u0131lar Haftas\u0131 nedeniyle \u00c7\u0131narc\u0131k Huzurevi\u2019nde \u201c\u0130kinci Bahar El Sanatlar\u0131\u201d adl\u0131 sergi a\u00e7\u0131ld\u0131. Serginin a\u00e7\u0131l\u0131\u015f\u0131na kat\u0131lan \u00c7\u0131narc\u0131k Belediye Ba\u015fkan\u0131 Avni Kurt,<\/p>\n","protected":false},"author":1,"featured_media":4887,"comment_status":"open","ping_status":"open","sticky":false,"template":"","format":"standard","meta":[],"categories":[1],"tags":[],"_links":{"self":[{"href":"http:\/\/www.mertcanpolat.com.tr\/dev\/wp-json\/wp\/v2\/posts\/4886"}],"collection":[{"href":"http:\/\/www.mertcanpolat.com.tr\/dev\/wp-json\/wp\/v2\/posts"}],"about":[{"href":"http:\/\/www.mertcanpolat.com.tr\/dev\/wp-json\/wp\/v2\/types\/post"}],"author":[{"embeddable":true,"href":"http:\/\/www.mertcanpolat.com.tr\/dev\/wp-json\/wp\/v2\/users\/1"}],"replies":[{"embeddable":true,"href":"http:\/\/www.mertcanpolat.com.tr\/dev\/wp-json\/wp\/v2\/comments?post=4886"}],"version-history":[{"count":0,"href":"http:\/\/www.mertcanpolat.com.tr\/dev\/wp-json\/wp\/v2\/posts\/4886\/revisions"}],"wp:featuredmedia":[{"embeddable":true,"href":"http:\/\/www.mertcanpolat.com.tr\/dev\/wp-json\/wp\/v2\/media\/4887"}],"wp:attachment":[{"href":"http:\/\/www.mertcanpolat.com.tr\/dev\/wp-json\/wp\/v2\/media?parent=4886"}],"wp:term":[{"taxonomy":"category","embeddable":true,"href":"http:\/\/www.mertcanpolat.com.tr\/dev\/wp-json\/wp\/v2\/categories?post=4886"},{"taxonomy":"post_tag","embeddable":true,"href":"http:\/\/www.mertcanpolat.com.tr\/dev\/wp-json\/wp\/v2\/tags?post=4886"}],"curies":[{"name":"wp","href":"https:\/\/api.w.org\/{rel}","templated":true}]}}