{"id":4882,"date":"2017-03-24T11:40:00","date_gmt":"2017-03-24T11:40:00","guid":{"rendered":"http:\/\/www.mertcanpolat.com.tr\/dev\/index.php\/2017\/03\/24\/pasakent-umut-merkezinden-mini-sergi\/"},"modified":"2017-03-24T11:40:00","modified_gmt":"2017-03-24T11:40:00","slug":"pasakent-umut-merkezinden-mini-sergi","status":"publish","type":"post","link":"http:\/\/www.mertcanpolat.com.tr\/dev\/pasakent-umut-merkezinden-mini-sergi\/","title":{"rendered":"PA\u015eAKENT UMUT MERKEZ\u0130\u2019NDEN M\u0130N\u0130 SERG\u0130"},"content":{"rendered":"<p><b>Yalova Belediyesi ile Halk E\u011fitim Merkezi M\u00fcd\u00fcrl\u00fc\u011f\u00fc ortakl\u0131\u011f\u0131nda Umut Merkezleri b\u00fcnyesinde ger\u00e7ekle\u015ftirilen kurslarda ortaya \u00e7\u0131kan \u00fcr\u00fcnler mini bir sergide sergilendi. <\/b>   <\/p>\n<p> <span style=\"font-size:14px;\">Pa\u015fakent Umut Merkezi\u2019nde d\u00fczenlenen sBa\u011flant\u0131erginin a\u00e7\u0131l\u0131\u015f\u0131n\u0131 Yalova Belediye Ba\u015fkan Yard\u0131mc\u0131s\u0131 J\u00fclide G\u00fcner ve Halk E\u011fitim Merkezi M\u00fcd\u00fcr\u00fc Sadrettin Do\u011fan yapt\u0131.<\/span> <\/p>\n<p> <span style=\"font-size:14px;\">Ba\u015fkan Yard\u0131mc\u0131s\u0131 G\u00fcner ve Halk E\u011fitim Merkezi M\u00fcd\u00fcr\u00fc Do\u011fan, el eme\u011fi g\u00f6z nuru eserlerin yer ald\u0131\u011f\u0131 sergi alan\u0131n\u0131 beraberce gezerek \u00fcr\u00fcnler hakk\u0131nda bilgiler ald\u0131lar. Her bir \u00fcr\u00fcn\u00fc tek tek inceleyen G\u00fcner, serginin olu\u015fmas\u0131nda eme\u011fi ge\u00e7en herkese te\u015fekk\u00fcr etti. G\u00fcner, \u201cUmut Merkezlerimizdeki kursiyerlerimizin olu\u015fturduklar\u0131 bu g\u00fczel eserleri yapt\u0131\u011f\u0131n\u0131z sergilerle daha yak\u0131ndan g\u00f6rebilme imkan\u0131 buluyoruz. Sosyal hayata kat\u0131l\u0131m sa\u011flayan, bo\u015f vakitlerini kurslar\u0131m\u0131za kat\u0131larak de\u011ferlendiren, g\u00fczel i\u015fler ortaya \u00e7\u0131karan t\u00fcm kad\u0131nlar\u0131m\u0131z\u0131n \u00e7al\u0131\u015fmalar\u0131n\u0131 g\u00f6n\u00fclden kutluyor, ba\u015far\u0131l\u0131 \u00e7al\u0131\u015fmalar\u0131 i\u00e7in kendilerini tebrik ediyorum\u201d dedi.<\/span> <\/p>\n","protected":false},"excerpt":{"rendered":"<p>Yalova Belediyesi ile Halk E\u011fitim Merkezi M\u00fcd\u00fcrl\u00fc\u011f\u00fc ortakl\u0131\u011f\u0131nda Umut Merkezleri b\u00fcnyesinde ger\u00e7ekle\u015ftirilen kurslarda ortaya \u00e7\u0131kan \u00fcr\u00fcnler mini bir sergide sergilendi.<\/p>\n","protected":false},"author":1,"featured_media":4883,"comment_status":"open","ping_status":"open","sticky":false,"template":"","format":"standard","meta":[],"categories":[1],"tags":[],"_links":{"self":[{"href":"http:\/\/www.mertcanpolat.com.tr\/dev\/wp-json\/wp\/v2\/posts\/4882"}],"collection":[{"href":"http:\/\/www.mertcanpolat.com.tr\/dev\/wp-json\/wp\/v2\/posts"}],"about":[{"href":"http:\/\/www.mertcanpolat.com.tr\/dev\/wp-json\/wp\/v2\/types\/post"}],"author":[{"embeddable":true,"href":"http:\/\/www.mertcanpolat.com.tr\/dev\/wp-json\/wp\/v2\/users\/1"}],"replies":[{"embeddable":true,"href":"http:\/\/www.mertcanpolat.com.tr\/dev\/wp-json\/wp\/v2\/comments?post=4882"}],"version-history":[{"count":0,"href":"http:\/\/www.mertcanpolat.com.tr\/dev\/wp-json\/wp\/v2\/posts\/4882\/revisions"}],"wp:featuredmedia":[{"embeddable":true,"href":"http:\/\/www.mertcanpolat.com.tr\/dev\/wp-json\/wp\/v2\/media\/4883"}],"wp:attachment":[{"href":"http:\/\/www.mertcanpolat.com.tr\/dev\/wp-json\/wp\/v2\/media?parent=4882"}],"wp:term":[{"taxonomy":"category","embeddable":true,"href":"http:\/\/www.mertcanpolat.com.tr\/dev\/wp-json\/wp\/v2\/categories?post=4882"},{"taxonomy":"post_tag","embeddable":true,"href":"http:\/\/www.mertcanpolat.com.tr\/dev\/wp-json\/wp\/v2\/tags?post=4882"}],"curies":[{"name":"wp","href":"https:\/\/api.w.org\/{rel}","templated":true}]}}