{"id":4878,"date":"2017-03-24T13:49:00","date_gmt":"2017-03-24T13:49:00","guid":{"rendered":"http:\/\/www.mertcanpolat.com.tr\/dev\/index.php\/2017\/03\/24\/huzurevi-sakinlerine-kahvalti\/"},"modified":"2017-03-24T13:49:00","modified_gmt":"2017-03-24T13:49:00","slug":"huzurevi-sakinlerine-kahvalti","status":"publish","type":"post","link":"http:\/\/www.mertcanpolat.com.tr\/dev\/huzurevi-sakinlerine-kahvalti\/","title":{"rendered":"HUZUREV\u0130 SAK\u0130NLER\u0130NE KAHVALTI"},"content":{"rendered":"<p><b>Yalova Belediye Ba\u015fkan\u0131 Vefa Salman, 15-24 Mart tarihleri aras\u0131nda kutlanan Ya\u015fl\u0131lar Haftas\u0131 sebebiyle huzurevi sakinleriyle kahvalt\u0131da bir araya geldi. Ba\u015fkan Salman\u2019a kahvalt\u0131da e\u015fi Dilek Akdeniz Salman ve Belediye Ba\u015fkan Yard\u0131mc\u0131s\u0131 J\u00fclide G\u00fcner de e\u015flik etti.<\/b>   <\/p>\n<p> <span style=\"font-size:14px;\">Halil \u0130nalc\u0131k K\u00fclt\u00fcr Merkezi Engelsiz Kafe\u2019de verilen kahvalt\u0131da Ba\u015fkan Salman, t\u00fcm ya\u015fl\u0131larla tek tek ilgilenerek sohbet etti. \u2018Sadece Ya\u015fl\u0131lar Haftas\u0131\u2019nda de\u011fil, her zaman bizlerin akl\u0131nda ve y\u00fcre\u011findesiniz\u2019 diyerek s\u00f6ze ba\u015flayan Ba\u015fkan Salman, \u201cBurada bizleri yaln\u0131z b\u0131rakmayarak yan\u0131m\u0131zda olan t\u00fcm b\u00fcy\u00fcklerimizin aya\u011f\u0131na sa\u011fl\u0131k. Sadece Ya\u015fl\u0131lar Haftas\u0131\u2019nda de\u011fil, her zaman sizlere olan sevgi ve sayg\u0131m\u0131z\u0131 yapt\u0131\u011f\u0131m\u0131z ziyaretlerle de g\u00f6stermeye \u00f6zen g\u00f6steriyoruz. Y\u00fczlerinizde y\u0131llar\u0131n tecr\u00fcbelerini, ya\u015fanm\u0131\u015fl\u0131klar\u0131n\u0131z\u0131 anlat\u0131lacak bir\u00e7ok hikayeyi ve bir\u00e7ok an\u0131y\u0131 g\u00f6r\u00fcyorum. Bu \u00f6zel hafta her birinizi bir arada g\u00f6rebilmenin en g\u00fczel yolunu sunuyor bizlere. Kentimizde de yeni bir huzurevi yap\u0131l\u0131yor. Yeni yap\u0131lan Huzurevi sonras\u0131nda Yalova\u2019da ki \u015fartlarda \u015fu anda ki duruma g\u00f6re daha da iyi olacak. Benden de ne zaman bir iste\u011finiz olursa emrinize her zaman amadeyim. &nbsp;Orada da sizleri ziyaret etmeye devam edece\u011fim\u201d dedi.<\/span> <\/p>\n<p>&nbsp;<\/p>\n","protected":false},"excerpt":{"rendered":"<p>Yalova Belediye Ba\u015fkan\u0131 Vefa Salman, 15-24 Mart tarihleri aras\u0131nda kutlanan Ya\u015fl\u0131lar Haftas\u0131 sebebiyle huzurevi sakinleriyle kahvalt\u0131da bir araya geldi. Ba\u015fkan<\/p>\n","protected":false},"author":1,"featured_media":4879,"comment_status":"open","ping_status":"open","sticky":false,"template":"","format":"standard","meta":[],"categories":[1],"tags":[],"_links":{"self":[{"href":"http:\/\/www.mertcanpolat.com.tr\/dev\/wp-json\/wp\/v2\/posts\/4878"}],"collection":[{"href":"http:\/\/www.mertcanpolat.com.tr\/dev\/wp-json\/wp\/v2\/posts"}],"about":[{"href":"http:\/\/www.mertcanpolat.com.tr\/dev\/wp-json\/wp\/v2\/types\/post"}],"author":[{"embeddable":true,"href":"http:\/\/www.mertcanpolat.com.tr\/dev\/wp-json\/wp\/v2\/users\/1"}],"replies":[{"embeddable":true,"href":"http:\/\/www.mertcanpolat.com.tr\/dev\/wp-json\/wp\/v2\/comments?post=4878"}],"version-history":[{"count":0,"href":"http:\/\/www.mertcanpolat.com.tr\/dev\/wp-json\/wp\/v2\/posts\/4878\/revisions"}],"wp:featuredmedia":[{"embeddable":true,"href":"http:\/\/www.mertcanpolat.com.tr\/dev\/wp-json\/wp\/v2\/media\/4879"}],"wp:attachment":[{"href":"http:\/\/www.mertcanpolat.com.tr\/dev\/wp-json\/wp\/v2\/media?parent=4878"}],"wp:term":[{"taxonomy":"category","embeddable":true,"href":"http:\/\/www.mertcanpolat.com.tr\/dev\/wp-json\/wp\/v2\/categories?post=4878"},{"taxonomy":"post_tag","embeddable":true,"href":"http:\/\/www.mertcanpolat.com.tr\/dev\/wp-json\/wp\/v2\/tags?post=4878"}],"curies":[{"name":"wp","href":"https:\/\/api.w.org\/{rel}","templated":true}]}}