{"id":4874,"date":"2017-03-24T14:20:00","date_gmt":"2017-03-24T14:20:00","guid":{"rendered":"http:\/\/www.mertcanpolat.com.tr\/dev\/index.php\/2017\/03\/24\/genc-temalar-fidan-dikti\/"},"modified":"2017-03-24T14:20:00","modified_gmt":"2017-03-24T14:20:00","slug":"genc-temalar-fidan-dikti","status":"publish","type":"post","link":"http:\/\/www.mertcanpolat.com.tr\/dev\/genc-temalar-fidan-dikti\/","title":{"rendered":"GEN\u00c7 TEMALAR F\u0130DAN D\u0130KT\u0130"},"content":{"rendered":"<p><b>Yalova \u00dcniversitesi Gen\u00e7 Tema Grubu Yalova \u00dcniversitesi merkez yerle\u015fkesi bah\u00e7esine \u00e7am fidanlar\u0131 dikti.<\/b>   <\/p>\n<p> <span style=\"font-size:14px;\">Orman Haftas\u0131 ve 21 Mart A\u011fa\u00e7 Bayram\u0131 dolay\u0131s\u0131yla d\u00fczenlenen fidan dikim etkinli\u011fine \u00fcniversiteden gen\u00e7ler de kat\u0131ld\u0131. \u0130lk fidan\u0131 Rekt\u00f6r Yard\u0131mc\u0131s\u0131 Prof Dr. Mustafa \u00d6ks\u00fcz dikti. Sa\u011fl\u0131k, K\u00fclt\u00fcr ve Spor Daire Ba\u015fkan\u0131 Yal\u00e7\u0131n Tokay ve Tema Vakf\u0131 Yalova \u0130l Temsilcisi Faruk Tezcan&#8217;\u0131n da kat\u0131ld\u0131\u011f\u0131 etkinlikte \u00f6\u011frenciler 300&#8217;e yak\u0131n \u00e7am fidan\u0131n\u0131 toprakla bulu\u015fturdular. Gen\u00e7 Tema Ba\u015fkan\u0131 Fatih Y\u00fcksel \u201cRekt\u00f6rl\u00fc\u011f\u00fcm\u00fcz\u00fcn bize belirtece\u011fi belli bir plan dahilinde t\u00fcm kamp\u00fcs\u00fc a\u011fa\u00e7land\u0131rmak istiyoruz. \u00d6\u011frenci arkada\u015flar\u0131m\u0131z\u0131 bu konuda \u00e7ok istekli buluyorum. \u00dcniversite d\u0131\u015f\u0131nda da fidan dikme \u00e7al\u0131\u015fmalar\u0131na kat\u0131l\u0131yoruz. Bize verdi\u011fi destekten dolay\u0131 SKS daire ba\u015fkan\u0131 Yal\u00e7\u0131n Tokay&#8217;a da te\u015fekk\u00fcr ediyoruz&#8221; dedi. Etkinli\u011fe Mektebim Koleji TEMA Gen\u00e7 Lise grubu da \u00d6\u011fretmenleri Burcu Korkmaz ile birlikte kat\u0131ld\u0131.<img alt=\"\" src=\"http:\/\/ajansyalova.com\/Images\/Thumbs\/Editor\/5997-temadanuniversiteyefidan.jpeg\" style=\"border-width: 2px; border-style: solid; margin: 2px; float: right; width: 850px; height: 485px;\" \/> <\/span> <\/p>\n<p> <span style=\"font-size:14px;\">Tema Yalova \u0130l Temsilcisi Faruk Tezcan \u201cFidanlar\u0131 Bursa Orman B\u00f6lge M\u00fcd\u00fcrl\u00fc\u011f\u00fc Fidanl\u0131\u011f\u0131 g\u00f6nderdi. M\u00fcte\u015fekkiriz. De\u011ferli katk\u0131lar\u0131ndan dolay\u0131 Yalova Orman \u0130\u015fletme eski m\u00fcd\u00fcr\u00fc Mustafa G\u00fcner&#8217;e ve fidanlar\u0131n ula\u015ft\u0131r\u0131lmas\u0131nda yard\u0131mc\u0131 olan Yalova Belediyesine te\u015fekk\u00fcr ediyoruz. K\u0131saca bu etkinlikte Gen\u00e7 Tema&#8217;lar\u0131m\u0131z muhte\u015fem bir organizasyona imza att\u0131. T\u00fcm eme\u011fi ge\u00e7enlere katk\u0131 sa\u011flayanlara Tema Vakf\u0131 Yalova \u0130l Temsilcili\u011fi olarak te\u015fekk\u00fcr ediyoruz. STK-Devlet i\u015fbirli\u011finin g\u00fczel bir \u00f6rne\u011fi sergilendi\u201d diye konu\u015ftu.<\/span> <\/p>\n","protected":false},"excerpt":{"rendered":"<p>Yalova \u00dcniversitesi Gen\u00e7 Tema Grubu Yalova \u00dcniversitesi merkez yerle\u015fkesi bah\u00e7esine \u00e7am fidanlar\u0131 dikti. Orman Haftas\u0131 ve 21 Mart A\u011fa\u00e7 Bayram\u0131<\/p>\n","protected":false},"author":1,"featured_media":4875,"comment_status":"open","ping_status":"open","sticky":false,"template":"","format":"standard","meta":[],"categories":[1],"tags":[],"_links":{"self":[{"href":"http:\/\/www.mertcanpolat.com.tr\/dev\/wp-json\/wp\/v2\/posts\/4874"}],"collection":[{"href":"http:\/\/www.mertcanpolat.com.tr\/dev\/wp-json\/wp\/v2\/posts"}],"about":[{"href":"http:\/\/www.mertcanpolat.com.tr\/dev\/wp-json\/wp\/v2\/types\/post"}],"author":[{"embeddable":true,"href":"http:\/\/www.mertcanpolat.com.tr\/dev\/wp-json\/wp\/v2\/users\/1"}],"replies":[{"embeddable":true,"href":"http:\/\/www.mertcanpolat.com.tr\/dev\/wp-json\/wp\/v2\/comments?post=4874"}],"version-history":[{"count":0,"href":"http:\/\/www.mertcanpolat.com.tr\/dev\/wp-json\/wp\/v2\/posts\/4874\/revisions"}],"wp:featuredmedia":[{"embeddable":true,"href":"http:\/\/www.mertcanpolat.com.tr\/dev\/wp-json\/wp\/v2\/media\/4875"}],"wp:attachment":[{"href":"http:\/\/www.mertcanpolat.com.tr\/dev\/wp-json\/wp\/v2\/media?parent=4874"}],"wp:term":[{"taxonomy":"category","embeddable":true,"href":"http:\/\/www.mertcanpolat.com.tr\/dev\/wp-json\/wp\/v2\/categories?post=4874"},{"taxonomy":"post_tag","embeddable":true,"href":"http:\/\/www.mertcanpolat.com.tr\/dev\/wp-json\/wp\/v2\/tags?post=4874"}],"curies":[{"name":"wp","href":"https:\/\/api.w.org\/{rel}","templated":true}]}}