{"id":4872,"date":"2017-03-24T14:47:00","date_gmt":"2017-03-24T14:47:00","guid":{"rendered":"http:\/\/www.mertcanpolat.com.tr\/dev\/index.php\/2017\/03\/24\/buyuk-birlikte-evet-isyani\/"},"modified":"2017-03-24T14:47:00","modified_gmt":"2017-03-24T14:47:00","slug":"buyuk-birlikte-evet-isyani","status":"publish","type":"post","link":"http:\/\/www.mertcanpolat.com.tr\/dev\/buyuk-birlikte-evet-isyani\/","title":{"rendered":"B\u00dcY\u00dcK B\u0130RL\u0130K&#39;TE &#39;EVET&#39; \u0130SYANI"},"content":{"rendered":"<p><b>16 Nisan\u2019da yap\u0131lacak referandumda \u2018Evet\u2019 karar\u0131 alan B\u00fcy\u00fck Birlik Partisi Genel Merkezi\u2019nin aksine te\u015fkilatlardan \u2018Hay\u0131r\u2019 sesi y\u00fckseliyor. Genel merkezin tavr\u0131na kar\u015f\u0131n referandumda \u2018Hay\u0131r\u2019 diyece\u011fini a\u00e7\u0131klayan BBP Yalova \u0130l Ba\u015fkan\u0131 Talip Bayburtlu, g\u00f6revinden istifa etti\u011fini a\u00e7\u0131klad\u0131.<\/b>   <\/p>\n<p> <span style=\"font-size:14px;\">BBP Genel Ba\u015fkan\u0131 Mustafa Destici ge\u00e7ti\u011fimiz g\u00fcnlerde referandum da, &#8220;Evet&#8221; oyu kullanacaklar\u0131n\u0131 a\u00e7\u0131klam\u0131\u015ft\u0131. Buna kar\u015f\u0131l\u0131k BBP Yalova \u0130l Ba\u015fkan\u0131 Talip Bayburtlu ise genel merkezin kendileri ile yap\u0131lan isti\u015fareleri ve kendi fikirlerini hi\u00e7e sayarak b\u00f6yle bir karar ald\u0131\u011f\u0131n\u0131 kendisinin ve y\u00f6netimdeki arkada\u015flar\u0131n\u0131n ise &#8220;Hay\u0131r&#8221; oyu kullanacaklar\u0131n\u0131 a\u00e7\u0131klam\u0131\u015flard\u0131. Bu a\u00e7\u0131klaman\u0131n ard\u0131ndan bir geli\u015fme daha ya\u015fand\u0131. BBP Yalova \u0130l Ba\u015fkan\u0131 Talip Bayburtlu partisine zarar vermek istemedi\u011fi i\u00e7in ba\u015fkanl\u0131k g\u00f6revinden istifa etti\u011fini duyurdu.<\/span> <\/p>\n<p> <span style=\"font-size:14px;\">Kendisine ait sosyal medya hesab\u0131ndan bir a\u00e7\u0131klama yay\u0131nlayan Bayburtlu, referandumla ilgili genel merkezle isti\u015fareler yapt\u0131klar\u0131n\u0131 ve partililerin g\u00f6r\u00fc\u015flerini bildirdiklerini s\u00f6yledi. Bayburtlu, \u201c\u0130sti\u015farelerde al\u0131nan g\u00f6r\u00fc\u015f ve fikirler neticesinde bu kadar dar maddelerle yap\u0131lan h\u00fck\u00fcmet modeli de\u011fi\u015fikli\u011finin, \u00fclkemizin ve milletimizin problemlerine \u00e7\u00f6z\u00fcm ve \u00e7are olamayaca\u011f\u0131, \u00fclkemizin birlik ve beraberli\u011fine hizmet edecek, her kesim insan\u0131m\u0131z\u0131n ve gelecek nesillerin ihtiya\u00e7lar\u0131na kar\u015f\u0131l\u0131k verecek milli mutakabakat metni i\u00e7in yeterli olmad\u0131\u011f\u0131n\u0131 s\u00f6yledik. Verilecek yetkilerle problemlerin daha da b\u00fcy\u00fcyece\u011fi ve mahsurlu sonu\u00e7lar do\u011furaca\u011f\u0131n\u0131 s\u00f6yleyerek, evet denmemesi konusunda il ba\u015fkanlar\u0131n\u0131n \u00e7o\u011funlu\u011fu olarak fikir beyan ettik. Genel Merkez ve Genel Ba\u015fkan\u0131m\u0131z isti\u015fare hukukuna uymayarak partimizin karar\u0131n\u0131 \u201cEvet\u201d diyerek a\u00e7\u0131klam\u0131\u015ft\u0131r. Genel Ba\u015fkan\u0131m\u0131z\u0131n karar\u0131na sayg\u0131 duyuyoruz. Genel merkez ald\u0131klar\u0131 karar\u0131n arkas\u0131nda durarak a\u00e7\u0131klamalar yapmaya devam etmektedir. Ben de alm\u0131\u015f oldu\u011fum karar\u0131n arkas\u0131nda durarak, referandumda \u201cEvet\u201d demeyece\u011fimi beyan etmeye devam ediyorum. B\u00fcy\u00fck Birlik Partisi\u2019nin kurumsal yap\u0131s\u0131na s\u0131k\u0131nt\u0131 vermemek, Alperenlik de\u011ferlerine ve \u015fehit liderimiz Muhsin Yaz\u0131c\u0131o\u011flu\u2019nun milletimizin g\u00f6nl\u00fcndeki sevgisine ve muhabbetine g\u00f6lge d\u00fc\u015f\u00fcrmemek ad\u0131na, il y\u00f6netimindeki arkada\u015flarla beraber B\u00fcy\u00fck Birlik Partisi Yalova \u0130l Ba\u015fkanl\u0131\u011f\u0131 g\u00f6revimden istifa ediyorum. Bug\u00fcne kadar aktif y\u00f6neticilik yapt\u0131\u011f\u0131m d\u00f6nem i\u00e7inde, benimle birlikte yol alm\u0131\u015f, hizmet vermi\u015f, hem maddi, hem de manevi desteklerini esirgemeyen kader birli\u011fi yapt\u0131\u011f\u0131m y\u00f6netici arkada\u015flar\u0131ma te\u015fekk\u00fcr\u00fc bir bor\u00e7 bilirim\u201d<\/span> <\/p>\n","protected":false},"excerpt":{"rendered":"<p>16 Nisan\u2019da yap\u0131lacak referandumda \u2018Evet\u2019 karar\u0131 alan B\u00fcy\u00fck Birlik Partisi Genel Merkezi\u2019nin aksine te\u015fkilatlardan \u2018Hay\u0131r\u2019 sesi y\u00fckseliyor. Genel merkezin tavr\u0131na<\/p>\n","protected":false},"author":1,"featured_media":4873,"comment_status":"open","ping_status":"open","sticky":false,"template":"","format":"standard","meta":[],"categories":[1],"tags":[],"_links":{"self":[{"href":"http:\/\/www.mertcanpolat.com.tr\/dev\/wp-json\/wp\/v2\/posts\/4872"}],"collection":[{"href":"http:\/\/www.mertcanpolat.com.tr\/dev\/wp-json\/wp\/v2\/posts"}],"about":[{"href":"http:\/\/www.mertcanpolat.com.tr\/dev\/wp-json\/wp\/v2\/types\/post"}],"author":[{"embeddable":true,"href":"http:\/\/www.mertcanpolat.com.tr\/dev\/wp-json\/wp\/v2\/users\/1"}],"replies":[{"embeddable":true,"href":"http:\/\/www.mertcanpolat.com.tr\/dev\/wp-json\/wp\/v2\/comments?post=4872"}],"version-history":[{"count":0,"href":"http:\/\/www.mertcanpolat.com.tr\/dev\/wp-json\/wp\/v2\/posts\/4872\/revisions"}],"wp:featuredmedia":[{"embeddable":true,"href":"http:\/\/www.mertcanpolat.com.tr\/dev\/wp-json\/wp\/v2\/media\/4873"}],"wp:attachment":[{"href":"http:\/\/www.mertcanpolat.com.tr\/dev\/wp-json\/wp\/v2\/media?parent=4872"}],"wp:term":[{"taxonomy":"category","embeddable":true,"href":"http:\/\/www.mertcanpolat.com.tr\/dev\/wp-json\/wp\/v2\/categories?post=4872"},{"taxonomy":"post_tag","embeddable":true,"href":"http:\/\/www.mertcanpolat.com.tr\/dev\/wp-json\/wp\/v2\/tags?post=4872"}],"curies":[{"name":"wp","href":"https:\/\/api.w.org\/{rel}","templated":true}]}}