{"id":4866,"date":"2017-03-28T13:53:00","date_gmt":"2017-03-28T13:53:00","guid":{"rendered":"http:\/\/www.mertcanpolat.com.tr\/dev\/index.php\/2017\/03\/28\/yalova-direncli-il-secildi\/"},"modified":"2017-03-28T13:53:00","modified_gmt":"2017-03-28T13:53:00","slug":"yalova-direncli-il-secildi","status":"publish","type":"post","link":"http:\/\/www.mertcanpolat.com.tr\/dev\/yalova-direncli-il-secildi\/","title":{"rendered":"YALOVA D\u0130REN\u00c7L\u0130 \u0130L SE\u00c7\u0130LD\u0130"},"content":{"rendered":"<p><b>T\u00fcrkiye\u2019nin d\u00f6nem ba\u015fkan\u0131 oldu\u011fu, Avrupa Afet Risklerinin Azalt\u0131lmas\u0131 Forumu (EFDRR) toplant\u0131s\u0131; akademisyenler, \u00f6zel sekt\u00f6r, STK\u2019lar ve ilgili di\u011fer kurulu\u015flar\u0131n\u0131n temsilcilerinin kat\u0131l\u0131m\u0131yla \u0130stanbul\u2019da ger\u00e7ekle\u015ftirildi.<\/b>   <\/p>\n<p> <span style=\"font-size: 14px;\">AFAD ve UNISDR i\u015fbirli\u011fi ile desteklenen \u201c\u015eehirler Diren\u00e7li Hale Geliyor &#8211; \u015eehrim Haz\u0131rlan\u0131yor\u201d kampanyas\u0131 kapsam\u0131nda afetlere haz\u0131rl\u0131kl\u0131 birer \u015fehir olmak i\u00e7in gerekli 10 kriteri yerine getiren Yalova Belediyesi\u2019ne toplant\u0131da sertifikas\u0131 teslim edildi.<\/span> <\/p>\n<p> <span style=\"font-size:14px;\">T\u00fcrkiye\u2019nin d\u00f6nem ba\u015fkanl\u0131\u011f\u0131 yapt\u0131\u011f\u0131 Avrupa Afet Risklerinin Azalt\u0131lmas\u0131 Forumu, AFAD\u2019\u0131n ev sahipli\u011finde yap\u0131ld\u0131. UNISDR taraf\u0131ndan ba\u015flat\u0131lan \u201cDiren\u00e7li \u015eehirler\u201d kampanyas\u0131nda afetlere haz\u0131rl\u0131kl\u0131 \u015fehir olmak i\u00e7in 10 kriter belirlendi. Yalova Belediyesi, belirlenen kriterleri yerine getirerek \u201cDiren\u00e7li \u015eehirler\u201d sertifikas\u0131n\u0131 almaya hak kazand\u0131.<\/span> <\/p>\n<p> <span style=\"font-size:14px;\"> <strong>Yalova, \u0130stanbul, Kocaeli ve Antalya\u2019ya Sertifika<\/strong> <\/span> <\/p>\n<p> <span style=\"font-size:14px;\">A\u00e7\u0131l\u0131\u015f konu\u015fmalar\u0131n\u0131n ard\u0131ndan AFAD ve UNISDR i\u015fbirli\u011fi ile desteklenen \u201c\u015eehirler Diren\u00e7li Hale Geliyor &#8211; \u015eehrim Haz\u0131rlan\u0131yor\u201d kampanyas\u0131 kapsam\u0131nda afetlere haz\u0131rl\u0131kl\u0131 \u015fehir olmak i\u00e7in belirlenen kriterleri yerine getiren \u015fehirlere sertifikalar\u0131 verildi.<\/span> <\/p>\n<p> <span style=\"font-size:14px;\">Daha \u00f6nce Gaziantep\u2019in ald\u0131\u011f\u0131 sertifikay\u0131 almaya hak kazanan Yalova, \u0130stanbul, Antalya ve Kocaeli\u2019ne \u2018Diren\u00e7li \u015eehir\u2019 sertifikas\u0131 t\u00f6renle teslim edildi. Yalova ad\u0131na sertifikay\u0131 Yalova Belediye Ba\u015fkan Yard\u0131mc\u0131s\u0131 Din\u00e7er \u0130lhan teslim ald\u0131.<\/span> <\/p>\n<p> <span style=\"font-size:14px;\"> <strong>Tek \u0130l Belediyesiyiz<\/strong> <\/span> <\/p>\n<p> <span style=\"font-size:14px;\">Avrupa Afet Risklerinin Azalt\u0131lmas\u0131 Forumu\u2019nda al\u0131nan sertifikay\u0131 Belediye Ba\u015fkan Yard\u0131mc\u0131s\u0131 Din\u00e7er \u0130lhan, Yalova Belediye Ba\u015fkan\u0131 Vefa Salman\u2019a teslim ederek, toplant\u0131 hakk\u0131nda bilgiler verdi.<\/span> <\/p>\n<p> <span style=\"font-size:14px;\">\u201c1999 Depremi Yalova\u2019n\u0131n afet konusunda bilin\u00e7lenmesinin en \u00f6nemli unsuru oldu\u201d diyen Ba\u015fkan Vefa Salman al\u0131nan sertifikayla ilgili \u015funlar\u0131 s\u00f6yledi:<\/span> <\/p>\n<p> <span style=\"font-size:14px;\">\u201cYalova birinci derece deprem b\u00f6lgesi. 1999\u2019da ya\u015fad\u0131\u011f\u0131m\u0131z ac\u0131 tecr\u00fcbe bu konuda hepimizin bilin\u00e7lenmesine vesile oldu. Ancak zaman ge\u00e7tik\u00e7e insanlar ya\u015fan\u0131lanlar\u0131 unutabiliyor. Gelecek nesillerin ayn\u0131 ac\u0131y\u0131 ya\u015famamas\u0131 i\u00e7in bizlere b\u00fcy\u00fck sorumluluk d\u00fc\u015f\u00fcyor. Bu nedenle ge\u00e7mi\u015fte al\u0131nan \u00f6nemli kararlar\u0131 uygulamay\u0131 s\u00fcrd\u00fcr\u00fcrken g\u00fcn\u00fcm\u00fcz ko\u015fullar\u0131na uygun olarak sunulan kriterlerinde sa\u011flanmas\u0131 konusunda elimizi ta\u015f\u0131n alt\u0131na koyuyoruz.<\/span> <\/p>\n<p> <span style=\"font-size:14px;\">\u00dclkemizde Yalova\u2019n\u0131n haricinde \u2018Diren\u00e7li \u015eehir\u2019 sertifikas\u0131na sahip di\u011fer 4 kent B\u00fcy\u00fck\u015fehir Belediyesi. Bir\u00e7ok konuda oldu\u011fu gibi bu konuda da Yalova fark\u0131n\u0131 ortaya koyarak b\u00fcy\u00fck\u015fehirleri ve di\u011fer il belediyelerinin \u00f6n\u00fcnde yer alan tek il belediyesi olarak programa dahil olmu\u015ftur. \u00c7\u00fcnk\u00fc insan hayat\u0131n\u0131n ne denli \u00f6nemli oldu\u011funu biliyoruz. \u00c7\u00fcnk\u00fc afetlerin de\u011fil, afete haz\u0131rl\u0131ks\u0131z yakalanman\u0131n \u00f6l\u00fcmlere neden oldu\u011funu biliyoruz. Bu konuda radikal olmaya devam edece\u011fiz\u201d<\/span> <\/p>\n","protected":false},"excerpt":{"rendered":"<p>T\u00fcrkiye\u2019nin d\u00f6nem ba\u015fkan\u0131 oldu\u011fu, Avrupa Afet Risklerinin Azalt\u0131lmas\u0131 Forumu (EFDRR) toplant\u0131s\u0131; akademisyenler, \u00f6zel sekt\u00f6r, STK\u2019lar ve ilgili di\u011fer kurulu\u015flar\u0131n\u0131n temsilcilerinin<\/p>\n","protected":false},"author":1,"featured_media":4867,"comment_status":"open","ping_status":"open","sticky":false,"template":"","format":"standard","meta":[],"categories":[1],"tags":[],"_links":{"self":[{"href":"http:\/\/www.mertcanpolat.com.tr\/dev\/wp-json\/wp\/v2\/posts\/4866"}],"collection":[{"href":"http:\/\/www.mertcanpolat.com.tr\/dev\/wp-json\/wp\/v2\/posts"}],"about":[{"href":"http:\/\/www.mertcanpolat.com.tr\/dev\/wp-json\/wp\/v2\/types\/post"}],"author":[{"embeddable":true,"href":"http:\/\/www.mertcanpolat.com.tr\/dev\/wp-json\/wp\/v2\/users\/1"}],"replies":[{"embeddable":true,"href":"http:\/\/www.mertcanpolat.com.tr\/dev\/wp-json\/wp\/v2\/comments?post=4866"}],"version-history":[{"count":0,"href":"http:\/\/www.mertcanpolat.com.tr\/dev\/wp-json\/wp\/v2\/posts\/4866\/revisions"}],"wp:featuredmedia":[{"embeddable":true,"href":"http:\/\/www.mertcanpolat.com.tr\/dev\/wp-json\/wp\/v2\/media\/4867"}],"wp:attachment":[{"href":"http:\/\/www.mertcanpolat.com.tr\/dev\/wp-json\/wp\/v2\/media?parent=4866"}],"wp:term":[{"taxonomy":"category","embeddable":true,"href":"http:\/\/www.mertcanpolat.com.tr\/dev\/wp-json\/wp\/v2\/categories?post=4866"},{"taxonomy":"post_tag","embeddable":true,"href":"http:\/\/www.mertcanpolat.com.tr\/dev\/wp-json\/wp\/v2\/tags?post=4866"}],"curies":[{"name":"wp","href":"https:\/\/api.w.org\/{rel}","templated":true}]}}