{"id":4862,"date":"2017-03-28T14:08:00","date_gmt":"2017-03-28T14:08:00","guid":{"rendered":"http:\/\/www.mertcanpolat.com.tr\/dev\/index.php\/2017\/03\/28\/ciftlikkoyluler-canakkaleyi-gezdi\/"},"modified":"2017-03-28T14:08:00","modified_gmt":"2017-03-28T14:08:00","slug":"ciftlikkoyluler-canakkaleyi-gezdi","status":"publish","type":"post","link":"http:\/\/www.mertcanpolat.com.tr\/dev\/ciftlikkoyluler-canakkaleyi-gezdi\/","title":{"rendered":"\u00c7\u0130FTL\u0130KK\u00d6YL\u00dcLER \u00c7ANAKKALE\u2019Y\u0130 GEZD\u0130"},"content":{"rendered":"<p><b>\u00c7anakkale Zaferinin 102\u2019inci y\u0131ld\u00f6n\u00fcm\u00fcnde \u00c7iftlikk\u00f6yl\u00fcler tarihi zaferin ya\u015fand\u0131\u011f\u0131 topraklar\u0131 gezdi.<\/b>   <\/p>\n<p> <span style=\"font-size:14px;\">\u00c7iftlikk\u00f6y Belediye Ba\u015fkan\u0131 Ali Murat Silpagar, Ba\u015fkan Yard\u0131mc\u0131s\u0131 Abdurrahim Solmaz, birim m\u00fcd\u00fcrleri ve belediye personeli taraf\u0131ndan yolcu edilen 3 otob\u00fcste 150 bayan yer ald\u0131. \u00c7iftlikk\u00f6yl\u00fcler, \u00c7anakkale\u2019de metrekareye 6 merminin d\u00fc\u015ft\u00fc\u011f\u00fc b\u00fcy\u00fck sava\u015f\u0131n izlerini yerinde g\u00f6rd\u00fc. Geceyar\u0131s\u0131 yola \u00e7\u0131kan kafile, sabah saatlerinde \u00c7anakkale\u2019ye vararak Gelibolu\u2019ya feribotla ge\u00e7ti.<\/span> <\/p>\n<p> <span style=\"font-size:14px;\">Eceabat\u2019ta verilen kahvalt\u0131 molas\u0131n\u0131n ard\u0131ndan rehberlerle bulu\u015fan \u00c7iftlikk\u00f6yl\u00fcler, Sedd\u00fclbahir, Kilitbahir Kaleleri ve Kanuni Kulesi, Seyit Onba\u015f\u0131 ve Rumeli Mecidiye \u015eehitli\u011fi, Al\u00e7\u0131tepe Son Ok An\u0131t\u0131, Sarg\u0131yeri \u015eehitli\u011fi, Sedd\u00fclbahir \u0130lk \u015eehitler An\u0131t\u0131, 57\u2019inci Alay \u015eehitli\u011fi, Conkbay\u0131r\u0131 G\u00f6zetleme Kulesi, Anafartalar Muharebesi\u2019nin ger\u00e7ekle\u015fti\u011fi Anafartalar Ovas\u0131 gibi yerleri gezdi.<\/span> <\/p>\n<p> <span style=\"font-size:14px;\">\u00c7anakkale \u015eehitler An\u0131t\u0131\u2019nda&nbsp;bir cam mezar b\u00f6l\u00fcm\u00fcnde 36 \u015eehidimizin ad\u0131n\u0131n yazd\u0131\u011f\u0131, toplamda kimlikleri tespit edilebilmi\u015f haklar\u0131nda kay\u0131t &#8220;\u015eehadetname&#8221; bulunan 59408 \u015eehidimizin isminin yaz\u0131l\u0131 oldu\u011fu sembolik mezarlar, Atat\u00fcrk ve yaral\u0131 asker an\u0131t\u0131n\u0131 gezen \u00c7iftlikk\u00f6yl\u00fcler, ayn\u0131 g\u00fcn\u00fcn ak\u015fam\u0131 \u00c7iftlikk\u00f6y\u2019e d\u00f6n\u00fc\u015f yoluna koyuldu.<\/span> <\/p>\n<p> <span style=\"font-size:14px;\">Geziden son derece memnun kald\u0131klar\u0131n\u0131 dile getiren \u00c7iftlikk\u00f6yl\u00fc bayanlar, \u00c7iftlikk\u00f6y Belediye Ba\u015fkan\u0131 Ali Murat Silpagar\u2019a te\u015fekk\u00fcr ederek, k\u00fclt\u00fcr gezilerinin devam etmesi dileklerini iletti. Ba\u015fkan Silpagar, bu y\u0131l g\u00f6n\u00fcllerin \u015fehri Konya\u2019ya yap\u0131lan gezinin ard\u0131ndan \u015fanl\u0131 tarihimizin \u00f6nemli bir par\u00e7as\u0131 olan \u00c7anakkale\u2019ye gezi d\u00fczenlediklerini belirterek, \u201cBu y\u0131l i\u00e7inde ba\u015fka y\u00f6relerimize de in\u015fallah geziler tertipleyece\u011fiz. Vatanda\u015flar\u0131m\u0131z\u0131 tarihi ve k\u00fclt\u00fcrel de\u011ferlerimizle bu gibi geziler arac\u0131l\u0131\u011f\u0131 ile bulu\u015fturuyoruz. Gezilerimiz devam edecek\u201d diye konu\u015ftu.<\/span> <\/p>\n<p>&nbsp;<\/p>\n<p>&nbsp;<\/p>\n<p>&nbsp;<\/p>\n<p>&nbsp;<\/p>\n<p>&nbsp;<\/p>\n","protected":false},"excerpt":{"rendered":"<p>\u00c7anakkale Zaferinin 102\u2019inci y\u0131ld\u00f6n\u00fcm\u00fcnde \u00c7iftlikk\u00f6yl\u00fcler tarihi zaferin ya\u015fand\u0131\u011f\u0131 topraklar\u0131 gezdi. \u00c7iftlikk\u00f6y Belediye Ba\u015fkan\u0131 Ali Murat Silpagar, Ba\u015fkan Yard\u0131mc\u0131s\u0131 Abdurrahim Solmaz,<\/p>\n","protected":false},"author":1,"featured_media":4863,"comment_status":"open","ping_status":"open","sticky":false,"template":"","format":"standard","meta":[],"categories":[1],"tags":[],"_links":{"self":[{"href":"http:\/\/www.mertcanpolat.com.tr\/dev\/wp-json\/wp\/v2\/posts\/4862"}],"collection":[{"href":"http:\/\/www.mertcanpolat.com.tr\/dev\/wp-json\/wp\/v2\/posts"}],"about":[{"href":"http:\/\/www.mertcanpolat.com.tr\/dev\/wp-json\/wp\/v2\/types\/post"}],"author":[{"embeddable":true,"href":"http:\/\/www.mertcanpolat.com.tr\/dev\/wp-json\/wp\/v2\/users\/1"}],"replies":[{"embeddable":true,"href":"http:\/\/www.mertcanpolat.com.tr\/dev\/wp-json\/wp\/v2\/comments?post=4862"}],"version-history":[{"count":0,"href":"http:\/\/www.mertcanpolat.com.tr\/dev\/wp-json\/wp\/v2\/posts\/4862\/revisions"}],"wp:featuredmedia":[{"embeddable":true,"href":"http:\/\/www.mertcanpolat.com.tr\/dev\/wp-json\/wp\/v2\/media\/4863"}],"wp:attachment":[{"href":"http:\/\/www.mertcanpolat.com.tr\/dev\/wp-json\/wp\/v2\/media?parent=4862"}],"wp:term":[{"taxonomy":"category","embeddable":true,"href":"http:\/\/www.mertcanpolat.com.tr\/dev\/wp-json\/wp\/v2\/categories?post=4862"},{"taxonomy":"post_tag","embeddable":true,"href":"http:\/\/www.mertcanpolat.com.tr\/dev\/wp-json\/wp\/v2\/tags?post=4862"}],"curies":[{"name":"wp","href":"https:\/\/api.w.org\/{rel}","templated":true}]}}