{"id":4858,"date":"2017-03-28T14:30:00","date_gmt":"2017-03-28T14:30:00","guid":{"rendered":"http:\/\/www.mertcanpolat.com.tr\/dev\/index.php\/2017\/03\/28\/yuruyen-koske-ziyaretci-akini\/"},"modified":"2017-03-28T14:30:00","modified_gmt":"2017-03-28T14:30:00","slug":"yuruyen-koske-ziyaretci-akini","status":"publish","type":"post","link":"http:\/\/www.mertcanpolat.com.tr\/dev\/yuruyen-koske-ziyaretci-akini\/","title":{"rendered":"Y\u00dcR\u00dcYEN K\u00d6\u015eK&#39;E Z\u0130YARET\u00c7\u0130 AKINI"},"content":{"rendered":"<p><b>B\u00fcy\u00fck \u00d6nderimiz Atat\u00fcrk&#39;\u00fcn d\u00fcnyaya verdi\u011fi \u00e7evre dersinin an\u0131t\u0131 Y\u00fcr\u00fcyen K\u00f6\u015fk&#39;e ilgi giderek art\u0131yor.\u00a0<\/b>   <\/p>\n<p> <span style=\"font-size:14px;\">1930 y\u0131l\u0131nda Atat\u00fcrk, m\u00fctevazi \u00e7iftlik evine de\u011fen \u00e7\u0131nar dal\u0131n\u0131 kestirmemek i\u00e7in tramvay raylar\u0131 \u00fczerinde binay\u0131 4.80 m kayd\u0131rtm\u0131\u015ft\u0131. Asl\u0131nda evi yeniden yapmak daha kolayd\u0131 ancak verilmek istenen mesaj \u00e7ok \u00f6nemliydi. Ve k\u00f6\u015fk kayd\u0131r\u0131ld\u0131. O y\u0131llarda hen\u00fcz \u00e7evre sorunlar\u0131 g\u00fcndemde de\u011fildi. M\u00fctevazi \u00e7iftlik evi o tarihten sonra Y\u00fcr\u00fcyen K\u00f6\u015fk olarak an\u0131lmaya ba\u015flad\u0131.<\/span> <\/p>\n<p> <span style=\"font-size:14px;\">Tema Vakf\u0131 Yalova Temsilcisi Faruk Tezcan \u201c\u00c7evre sorunlar\u0131 d\u00fcnyan\u0131n ba\u015f\u0131na dert olmaya ba\u015flad\u0131\u011f\u0131, iklim de\u011fi\u015fikliklerinin ba\u015f g\u00f6sterdi\u011fi, susuzlu\u011fun, a\u00e7l\u0131\u011f\u0131n giderek yay\u0131ld\u0131\u011f\u0131 d\u00fcnyam\u0131zda Atat\u00fcrk\u2019\u00fcn verdi\u011fi&nbsp; mesaj\u0131n \u00f6nemi daha da art\u0131yor\u201d dedi.<\/span> <\/p>\n<p> <span style=\"font-size:14px;\">K\u00f6\u015fke yurdun d\u00f6rt bir yan\u0131ndan turlar d\u00fczenleniyor, \u00f6\u011frenci gruplar\u0131 ba\u015fta olmak \u00fczere her ya\u015f grubundan insanlar ak\u0131n ak\u0131n Y\u00fcr\u00fcyen K\u00f6\u015fk&#8217;e geliyor.<\/span> <\/p>\n<p> <span style=\"font-size:14px;\">\u00d6te yandan Yalova Belediyesi\u2019nin An\u0131tlar Kurulu\u2019nun onay\u0131n\u0131 alarak Y\u00fcr\u00fcyen K\u00f6\u015fk civar\u0131nda yapt\u0131\u011f\u0131 d\u00fczenlemeler devam ediyor.<\/span> <\/p>\n","protected":false},"excerpt":{"rendered":"<p>B\u00fcy\u00fck \u00d6nderimiz Atat\u00fcrk&#39;\u00fcn d\u00fcnyaya verdi\u011fi \u00e7evre dersinin an\u0131t\u0131 Y\u00fcr\u00fcyen K\u00f6\u015fk&#39;e ilgi giderek art\u0131yor.\u00a0 1930 y\u0131l\u0131nda Atat\u00fcrk, m\u00fctevazi \u00e7iftlik evine de\u011fen<\/p>\n","protected":false},"author":1,"featured_media":4859,"comment_status":"open","ping_status":"open","sticky":false,"template":"","format":"standard","meta":[],"categories":[1],"tags":[],"_links":{"self":[{"href":"http:\/\/www.mertcanpolat.com.tr\/dev\/wp-json\/wp\/v2\/posts\/4858"}],"collection":[{"href":"http:\/\/www.mertcanpolat.com.tr\/dev\/wp-json\/wp\/v2\/posts"}],"about":[{"href":"http:\/\/www.mertcanpolat.com.tr\/dev\/wp-json\/wp\/v2\/types\/post"}],"author":[{"embeddable":true,"href":"http:\/\/www.mertcanpolat.com.tr\/dev\/wp-json\/wp\/v2\/users\/1"}],"replies":[{"embeddable":true,"href":"http:\/\/www.mertcanpolat.com.tr\/dev\/wp-json\/wp\/v2\/comments?post=4858"}],"version-history":[{"count":0,"href":"http:\/\/www.mertcanpolat.com.tr\/dev\/wp-json\/wp\/v2\/posts\/4858\/revisions"}],"wp:featuredmedia":[{"embeddable":true,"href":"http:\/\/www.mertcanpolat.com.tr\/dev\/wp-json\/wp\/v2\/media\/4859"}],"wp:attachment":[{"href":"http:\/\/www.mertcanpolat.com.tr\/dev\/wp-json\/wp\/v2\/media?parent=4858"}],"wp:term":[{"taxonomy":"category","embeddable":true,"href":"http:\/\/www.mertcanpolat.com.tr\/dev\/wp-json\/wp\/v2\/categories?post=4858"},{"taxonomy":"post_tag","embeddable":true,"href":"http:\/\/www.mertcanpolat.com.tr\/dev\/wp-json\/wp\/v2\/tags?post=4858"}],"curies":[{"name":"wp","href":"https:\/\/api.w.org\/{rel}","templated":true}]}}