{"id":4850,"date":"2017-03-28T17:49:00","date_gmt":"2017-03-28T17:49:00","guid":{"rendered":"http:\/\/www.mertcanpolat.com.tr\/dev\/index.php\/2017\/03\/28\/oztabaktan-anayasa-aciklamasi\/"},"modified":"2017-03-28T17:49:00","modified_gmt":"2017-03-28T17:49:00","slug":"oztabaktan-anayasa-aciklamasi","status":"publish","type":"post","link":"http:\/\/www.mertcanpolat.com.tr\/dev\/oztabaktan-anayasa-aciklamasi\/","title":{"rendered":"\u00d6ZTABAK\u2019TAN ANAYASA A\u00c7IKLAMASI"},"content":{"rendered":"<p><b>AK Parti Yalova \u0130l Ba\u015fkan\u0131 Yusuf Ziya \u00d6ztabak, 16 Nisan\u2019da yap\u0131lacak anayasa de\u011fi\u015fiklik teklifine ili\u015fkin referandum konusunda de\u011ferlendirmelerde bulundu. \u00d6ztabak, \u00a0\u201cAnayasa de\u011fi\u015fiklik teklifinde \u2018limon\u2019 arayanlar\u0131n, arad\u0131klar\u0131n\u0131 bulamamas\u0131 son derece do\u011fald\u0131r. Anayasa, limon kasas\u0131 de\u011fildir! Bilakis; ciddi ve \u00f6nemli bir metindir\u201d dedi.<\/b>   <\/p>\n<p> <span style=\"font-size:14px;\">AK Parti Yalova \u0130l Ba\u015fkan\u0131 Yusuf Ziya \u00d6ztabak, cumhurba\u015fkanl\u0131\u011f\u0131 h\u00fck\u00fcmet sistemi ve halk oylamas\u0131 kapsam\u0131nda halka do\u011frular\u0131 anlatt\u0131klar\u0131n\u0131 ifade ederek, yalan-yanl\u0131\u015f \u015feylerle de\u011fil, iftiralarla de\u011fil do\u011frularla halk\u0131n kar\u015f\u0131s\u0131na \u00e7\u0131k\u0131ld\u0131\u011f\u0131n\u0131 vurgulad\u0131. \u00d6ztabak, \u201c\u2018Evet\u2019 tercihinin \u00f6nemini vatanda\u015flar\u0131m\u0131z ile payla\u015f\u0131p, kazan\u0131mlar\u0131n\u0131 planl\u0131 programl\u0131 \u015fekilde anlat\u0131yoruz\u201d dedi.<\/span> <\/p>\n<p> <span style=\"font-size:14px;\">Ba\u015fkan \u00d6ztabak, \u201c16 Nisan\u2019da yap\u0131lacak halkoylamas\u0131 \u00f6ncesinde \u00e7e\u015fitli vesilelerle milletimiz ile bulu\u015fuyor ve cumhurba\u015fkanl\u0131\u011f\u0131 h\u00fck\u00fcmet sistemi ba\u015fta olmak \u00fczere AK Parti ve MHP taraf\u0131ndan ortakla\u015fa haz\u0131rlanan anayasa de\u011fi\u015fikli\u011fi teklifi ile ilgili halk\u0131m\u0131z\u0131 bilgilendiriyoruz. \u015e\u00fck\u00fcr ki milletimiz, ge\u00e7mi\u015fte ya\u015fanan krizleri, h\u00fck\u00fcmet pazarl\u0131klar\u0131n\u0131, Cumhurba\u015fkanlar\u0131 ile ba\u015fbakanlar aras\u0131nda ya\u015fanan problemleri ve bu sorunlar\u0131n \u00fclkeye neye mal oldu\u011funu iyi biliyor\u201d diye konu\u015ftu.<\/span> <\/p>\n<p> <span style=\"font-size:14px;\"> <strong>T\u00fcrkiye\u2019nin gelece\u011fi garanti alt\u0131na al\u0131nacak<\/strong> <\/span> <\/p>\n<p> <span style=\"font-size:14px;\">Ak Parti\u2019nin 15 y\u0131ll\u0131k s\u00fcrede \u00f6nemli hizmetleri hayata ge\u00e7irdi\u011fini kaydeden \u00d6ztabak \u015f\u00f6yle devam etti:<\/span> <\/p>\n<p> <span style=\"font-size:14px;\">\u201c\u00dcstelik bunu da d\u00fcnya ekonomisi kriz i\u00e7erisindeyken ba\u015farm\u0131\u015ft\u0131r. Buradaki ba\u015far\u0131n\u0131n temel sebebi de g\u00fc\u00e7l\u00fc h\u00fck\u00fcmet ve siyasi istikrard\u0131r. AK Parti \u00f6ncesini d\u00fc\u015f\u00fcnd\u00fc\u011f\u00fcm\u00fcz zaman bu \u00fclkenin siyasi olarak hi\u00e7 krizden \u00e7\u0131kmad\u0131\u011f\u0131n\u0131 ve iki senede bir ekonomik krizler ya\u015fand\u0131\u011f\u0131na \u015fahit oluruz. \u00dclke ekonomisinin tabana vurdu\u011fu o g\u00fcnleri herkes \u00e7ok iyi hat\u0131rlar. O kriz d\u00f6nemlerinde bu \u00fclkenin gelirlerinin b\u00fcy\u00fck bir k\u0131sm\u0131 faize gidiyordu. Dolay\u0131s\u0131yla AK Parti&#8217;yle birlikte T\u00fcrkiye b\u00fcy\u00fck bir kalk\u0131nmay\u0131 ve b\u00fcy\u00fcmeyi yakalam\u0131\u015f oldu. \u015eimdi de in\u015fallah 16 Nisan&#8217;daki halk oylamas\u0131 ile gelece\u011fimizi garanti alt\u0131na alaca\u011f\u0131z\u201d<\/span> <\/p>\n<p> <span style=\"font-size:14px;\"> <strong>T\u00fcrkiye tarihi bir f\u0131rsat yakalam\u0131\u015ft\u0131r<\/strong> <\/span> <\/p>\n<p> <span style=\"font-size:14px;\">\u00d6ztabak, \u201c\u00c7ok de\u011fil daha 15 sene evvel 10. Cumhurba\u015fkan\u0131\u2019n\u0131n d\u00f6nemin Ba\u015fbakan\u0131na anayasa kitap\u00e7\u0131\u011f\u0131 f\u0131rlatt\u0131\u011f\u0131 i\u00e7in T\u00fcrkiye ekonomisini nas\u0131l alt\u00fcst etti\u011fini, bir gecede faizlerin nas\u0131l binler seviyesine \u00e7\u0131kt\u0131\u011f\u0131n\u0131, bankalar\u0131n nas\u0131l bir bir iflas etti\u011fini bilmiyormu\u015f gibi \u00e7\u0131k\u0131p baz\u0131lar\u0131 bu de\u011fi\u015fikli\u011fin ekonomi ile ili\u015fkisini kuramayanlar var. Oysa T\u00fcrkiye tarihi bir f\u0131rsat yakalam\u0131\u015ft\u0131r ve milletimiz 16 Nisan\u2019da bu f\u0131rsat\u0131 en g\u00fczel \u015fekilde de\u011ferlendirecektir. T\u00fcrkiye, Cumhurba\u015fkanl\u0131\u011f\u0131 H\u00fck\u00fcmet Sistemi ile y\u00f6netsel bak\u0131mdan daha h\u0131zl\u0131, verimli ve etkili bir mekanizmaya sahip olacak, Milletvekili say\u0131s\u0131n\u0131 600\u2019e \u00e7\u0131kararak temsilde adaleti g\u00fc\u00e7lendirecek, askeri mahkemeler kald\u0131r\u0131larak yarg\u0131da teklik sa\u011flanacak, yarg\u0131 ba\u011f\u0131ms\u0131zl\u0131\u011f\u0131n\u0131n yan\u0131nda tarafs\u0131zl\u0131\u011f\u0131 da g\u00fcvence alt\u0131na al\u0131narak adalete g\u00fcven art\u0131r\u0131lacak, se\u00e7ilme ya\u015f\u0131 18\u2019e d\u00fc\u015f\u00fcr\u00fclerek 18-25 aral\u0131\u011f\u0131nda milyonlarca gencimizin de TBMM\u2019de temsili sa\u011flanacak\u201d dedi.<\/span> <\/p>\n<p> <span style=\"font-size:14px;\">Anayasa de\u011fi\u015fiklik paketinde T\u00fcrkiye\u2019yi 2023 hedefleri ba\u015fta olmak \u00fczere, gelece\u011fe ta\u015f\u0131yacak ve milletimizin g\u00fcven ve istikrar i\u00e7erisinde ya\u015famas\u0131n\u0131 temin etmeye y\u00f6nelik bir\u00e7ok d\u00fczenleme bulman\u0131n m\u00fcmk\u00fcn oldu\u011funa dikkat \u00e7eken Ba\u015fkan \u00d6ztabak, \u201cAncak \u00fcz\u00fclerek ifade etmek gerekir ki de\u011fi\u015fiklik teklifinde \u2018limon\u2019 arayanlar\u0131n, arad\u0131klar\u0131n\u0131 bulamamas\u0131 son derece do\u011fald\u0131r. Anayasa, limon kasas\u0131 de\u011fildir! Bilakis; ciddi ve \u00f6nemli bir metindir\u201d dedi.<\/span> <\/p>\n<p> <span style=\"font-size:14px;\">Cumhurba\u015fkanl\u0131\u011f\u0131 H\u00fck\u00fcmet Sisteminin kazan\u0131mlar\u0131ndan bahseden Ba\u015fkan \u00d6ztabak, \u201c5 y\u0131ll\u0131k kesintisiz istikrar\u0131n sa\u011flanaca\u011f\u0131n\u0131 ve gen\u00e7lerine g\u00fcvenen T\u00fcrkiye ile her zaman kazan\u0131mlar elde edilece\u011fini belirtti. Tarafs\u0131z ve e\u015fit olman\u0131n adalet huzur ve refah\u0131n \u00fclkenin t\u00fcm sath\u0131na yayman\u0131n \u00f6nemine dikkat \u00e7eken Ba\u015fkan \u00d6ztabak, \u201cBizim derdimiz millete hizmet, bizim derdimiz T\u00fcrkiye\u2019nin gelece\u011fidir. T\u00fcrkiye d\u00fcnyan\u0131n bir\u00e7ok \u00fclkesinden daha fazla sosyal destek yapan \u00fclkedir. Ter\u00f6r\u00fc yok etmek i\u00e7in \u00e7etin bir m\u00fccadele veriyoruz. Bu m\u00fccadele T\u00fcrkiye\u2019nin beka m\u00fccadelesidir. Ayr\u0131ca biz AK Parti olarak hi\u00e7bir zaman \u00f6tekile\u015ftirme yapmad\u0131k. Hi\u00e7bir zaman do\u011fu-bat\u0131 ayr\u0131m\u0131 yapmad\u0131k. 16 Nisan ile T\u00fcrkiye\u2019nin demokrasisini g\u00fc\u00e7lendirerek b\u00fcy\u00fcmemize ivme kazand\u0131raca\u011f\u0131z. Yeni sistemde yat\u0131r\u0131mlar artacak, engeller ortadan kalkacak, millet kazanacak. Milletimiz; PKK\u2019n\u0131n ve FET\u00d6\u2019n\u00fcn ayn\u0131 safta bulunmas\u0131na gerekli cevab\u0131 16 Nisan\u2019da verecektir\u201d \u015feklinde konu\u015ftu.<\/span> <\/p>\n<p>&nbsp;<\/p>\n<p>&nbsp;<\/p>\n<p>&nbsp;<\/p>\n","protected":false},"excerpt":{"rendered":"<p>AK Parti Yalova \u0130l Ba\u015fkan\u0131 Yusuf Ziya \u00d6ztabak, 16 Nisan\u2019da yap\u0131lacak anayasa de\u011fi\u015fiklik teklifine ili\u015fkin referandum konusunda de\u011ferlendirmelerde bulundu. \u00d6ztabak,<\/p>\n","protected":false},"author":1,"featured_media":4851,"comment_status":"open","ping_status":"open","sticky":false,"template":"","format":"standard","meta":[],"categories":[1],"tags":[],"_links":{"self":[{"href":"http:\/\/www.mertcanpolat.com.tr\/dev\/wp-json\/wp\/v2\/posts\/4850"}],"collection":[{"href":"http:\/\/www.mertcanpolat.com.tr\/dev\/wp-json\/wp\/v2\/posts"}],"about":[{"href":"http:\/\/www.mertcanpolat.com.tr\/dev\/wp-json\/wp\/v2\/types\/post"}],"author":[{"embeddable":true,"href":"http:\/\/www.mertcanpolat.com.tr\/dev\/wp-json\/wp\/v2\/users\/1"}],"replies":[{"embeddable":true,"href":"http:\/\/www.mertcanpolat.com.tr\/dev\/wp-json\/wp\/v2\/comments?post=4850"}],"version-history":[{"count":0,"href":"http:\/\/www.mertcanpolat.com.tr\/dev\/wp-json\/wp\/v2\/posts\/4850\/revisions"}],"wp:featuredmedia":[{"embeddable":true,"href":"http:\/\/www.mertcanpolat.com.tr\/dev\/wp-json\/wp\/v2\/media\/4851"}],"wp:attachment":[{"href":"http:\/\/www.mertcanpolat.com.tr\/dev\/wp-json\/wp\/v2\/media?parent=4850"}],"wp:term":[{"taxonomy":"category","embeddable":true,"href":"http:\/\/www.mertcanpolat.com.tr\/dev\/wp-json\/wp\/v2\/categories?post=4850"},{"taxonomy":"post_tag","embeddable":true,"href":"http:\/\/www.mertcanpolat.com.tr\/dev\/wp-json\/wp\/v2\/tags?post=4850"}],"curies":[{"name":"wp","href":"https:\/\/api.w.org\/{rel}","templated":true}]}}