{"id":4844,"date":"2017-03-28T18:24:00","date_gmt":"2017-03-28T18:24:00","guid":{"rendered":"http:\/\/www.mertcanpolat.com.tr\/dev\/index.php\/2017\/03\/28\/itfaiyeden-hayati-mudahale\/"},"modified":"2017-03-28T18:24:00","modified_gmt":"2017-03-28T18:24:00","slug":"itfaiyeden-hayati-mudahale","status":"publish","type":"post","link":"http:\/\/www.mertcanpolat.com.tr\/dev\/itfaiyeden-hayati-mudahale\/","title":{"rendered":"\u0130TFA\u0130YEDEN HAYAT\u0130 M\u00dcDAHALE"},"content":{"rendered":"<p><b>Hafta sonunda Adnan Menderes Mahallesi\u2019nde bulunan tek katl\u0131 evde \u00e7\u0131kan yang\u0131na Yalova Belediyesi \u0130tfaiye ekipleri 4 dakika i\u00e7inde m\u00fcdahale etti. Yalova Belediye Ba\u015fkan\u0131 Vefa Salman da olay yerine gelerek itfaiye ekiplerinin m\u00fcdahalesini takip etti. Evde tek ba\u015f\u0131na ya\u015fayan vatanda\u015f hafif yaral\u0131 olarak kurtar\u0131ld\u0131.<\/b>   <\/p>\n<p> <span style=\"font-size:14px;\">112 \u00c7a\u011fr\u0131 Merkezinden Yalova Belediyesi \u0130tfaiye M\u00fcd\u00fcrl\u00fc\u011f\u00fc\u2019ne saat 14:28\u2019de Adnan Menderes Mahallesi\u2019nden yang\u0131n ihbar\u0131 geldi. Ekipler gelen ihbar noktas\u0131na 14:32\u2019de vararak yang\u0131na ilk m\u00fcdahaleyi yapt\u0131. Olay yerine yak\u0131n bir yerde bulunan Yalova Belediye Ba\u015fkan\u0131 Vefa Salman da yang\u0131n\u0131n \u00e7\u0131kt\u0131\u011f\u0131 evin \u00f6n\u00fcne geldi. Vatanda\u015flarla birlikte itfaiye ekiplerinin yang\u0131na m\u00fcdahalesini izleyen Ba\u015fkan Salman, maddi hasarl\u0131 yang\u0131nda can kayb\u0131 olmamas\u0131n\u0131n sevindirici oldu\u011funu belirtti.<img alt=\"\" src=\"http:\/\/ajansyalova.com\/Images\/Thumbs\/Editor\/6014-yangin4.jpeg\" style=\"width: 600px; height: 422px; border-width: 2px; border-style: solid; margin: 2px; float: right;\" \/> <\/span> <\/p>\n<p> <span style=\"font-size:14px;\">Hen\u00fcz belirlenemeyen bir sebeple \u00e7\u0131kan yang\u0131nda i\u00e7eriden bir ki\u015finin hafif yaral\u0131 olarak kurtar\u0131ld\u0131\u011f\u0131n\u0131 s\u00f6yleyen Ba\u015fkan Salman; \u201cEkiplerimiz ihbar\u0131 al\u0131r almaz 4 dakika i\u00e7inde olay yerine gelerek hayati bir m\u00fcdahale ger\u00e7ekle\u015ftirdiler. \u0130\u00e7eride yaln\u0131z ya\u015fayan bir ki\u015fi oldu\u011fu tespit edildi. Ekiplerimiz yang\u0131n\u0131 kontrol alt\u0131na alarak, vatanda\u015f\u0131m\u0131z\u0131 da hafif yaral\u0131 \u015fekilde d\u0131\u015far\u0131ya \u00e7\u0131kart\u0131p, t\u0131bbi m\u00fcdahale yap\u0131lmak \u00fczere 112 Sa\u011fl\u0131k ekiplerine teslim ettiler. Herhangi can kayb\u0131n\u0131n ya\u015fanmamas\u0131 en b\u00fcy\u00fck tesellimiz. \u0130tfaiye ekiplerimiz zor bir g\u00f6rev yap\u0131yorlar.&nbsp; Mesai arkada\u015flar\u0131m\u0131 tebrik ediyorum\u201d diye konu\u015ftu.<\/span> <\/p>\n","protected":false},"excerpt":{"rendered":"<p>Hafta sonunda Adnan Menderes Mahallesi\u2019nde bulunan tek katl\u0131 evde \u00e7\u0131kan yang\u0131na Yalova Belediyesi \u0130tfaiye ekipleri 4 dakika i\u00e7inde m\u00fcdahale etti.<\/p>\n","protected":false},"author":1,"featured_media":4845,"comment_status":"open","ping_status":"open","sticky":false,"template":"","format":"standard","meta":[],"categories":[1],"tags":[],"_links":{"self":[{"href":"http:\/\/www.mertcanpolat.com.tr\/dev\/wp-json\/wp\/v2\/posts\/4844"}],"collection":[{"href":"http:\/\/www.mertcanpolat.com.tr\/dev\/wp-json\/wp\/v2\/posts"}],"about":[{"href":"http:\/\/www.mertcanpolat.com.tr\/dev\/wp-json\/wp\/v2\/types\/post"}],"author":[{"embeddable":true,"href":"http:\/\/www.mertcanpolat.com.tr\/dev\/wp-json\/wp\/v2\/users\/1"}],"replies":[{"embeddable":true,"href":"http:\/\/www.mertcanpolat.com.tr\/dev\/wp-json\/wp\/v2\/comments?post=4844"}],"version-history":[{"count":0,"href":"http:\/\/www.mertcanpolat.com.tr\/dev\/wp-json\/wp\/v2\/posts\/4844\/revisions"}],"wp:featuredmedia":[{"embeddable":true,"href":"http:\/\/www.mertcanpolat.com.tr\/dev\/wp-json\/wp\/v2\/media\/4845"}],"wp:attachment":[{"href":"http:\/\/www.mertcanpolat.com.tr\/dev\/wp-json\/wp\/v2\/media?parent=4844"}],"wp:term":[{"taxonomy":"category","embeddable":true,"href":"http:\/\/www.mertcanpolat.com.tr\/dev\/wp-json\/wp\/v2\/categories?post=4844"},{"taxonomy":"post_tag","embeddable":true,"href":"http:\/\/www.mertcanpolat.com.tr\/dev\/wp-json\/wp\/v2\/tags?post=4844"}],"curies":[{"name":"wp","href":"https:\/\/api.w.org\/{rel}","templated":true}]}}