{"id":4842,"date":"2017-03-28T18:37:00","date_gmt":"2017-03-28T18:37:00","guid":{"rendered":"http:\/\/www.mertcanpolat.com.tr\/dev\/index.php\/2017\/03\/28\/yalovada-hayir-cikacak\/"},"modified":"2017-03-28T18:37:00","modified_gmt":"2017-03-28T18:37:00","slug":"yalovada-hayir-cikacak","status":"publish","type":"post","link":"http:\/\/www.mertcanpolat.com.tr\/dev\/yalovada-hayir-cikacak\/","title":{"rendered":"YALOVA\u2019DA HAYIR \u00c7IKACAK"},"content":{"rendered":"<p><b>CHP Yalova Merkez \u0130l\u00e7e \u00f6rg\u00fct\u00fc 16 Nisan referandum \u00e7al\u0131\u015fmalar\u0131n\u0131 son h\u0131zla s\u00fcrd\u00fcr\u00fcyor.<\/b>   <\/p>\n<p> <span style=\"font-size:14px;\">CHP Merkez \u0130l\u00e7e Ba\u015fkan\u0131 Ertan \u015eener ve partililer kent merkezinde esnaf ve vatanda\u015flar\u0131 ziyaret ederek \u201cHay\u0131rl\u0131 g\u00fcnler\u201d diliyor. \u015eener, yapt\u0131\u011f\u0131 a\u00e7\u0131klamada, Yalova Merkez\u2019de \u201chay\u0131r\u201d oylar\u0131n\u0131n b\u00fcy\u00fck oranda \u00f6nde \u00e7\u0131kaca\u011f\u0131n\u0131 belirterek \u015funlar\u0131 s\u00f6yledi:<\/span> <\/p>\n<p> <span style=\"font-size:14px;\">\u201cBu tespitimi g\u00fc\u00e7lendiren Yalova halk\u0131, nereye gitsek, kimin elini s\u0131km\u0131\u015f olsak bize sorduklar\u0131 parlamenter sistemin \u00e7ok iyi yap\u0131land\u0131r\u0131lmas\u0131d\u0131r. Bizler de CHP olarak halk\u0131m\u0131za anlatmaya \u00e7al\u0131\u015f\u0131yoruz. 1982 anayasas\u0131n\u0131 ve %92.4 ile Kenan Evren\u2019i ba\u015f\u0131m\u0131za Devlet Ba\u015fkan\u0131 olarak bizler getirmedik mi? Ona evet demedik mi? Daha sonra bu evet demenin bedelini her zaman \u00e7ok a\u011f\u0131r \u00f6demedik mi? Bu anayasay\u0131 kald\u0131rabilmek i\u00e7in \u00e7ok u\u011fra\u015f vermedi mi d\u00f6nem milletvekilleri? Ve hala bu anayasan\u0131n sanc\u0131lar\u0131n\u0131 ya\u015fam\u0131yor muyuz? Ve biz CHP olarak neden \u201chay\u0131r\u201d diyoruz dersiniz? Bu anayasada 82 \u00fcr\u00fcn\u00fc Y\u00d6K kald\u0131r\u0131l\u0131yor mu? Bu anayasada %10 se\u00e7im baraj\u0131 indiriliyor mu? Bu anayasada siyasi partiler yasas\u0131 de\u011fi\u015fiyor mu? Ve \u00fcstelik bir de partili cumhurba\u015fkanl\u0131\u011f\u0131 getiriliyor ki? Evlere \u015fenlik. O zaman da tek adam Kenan Evren\u2019di, ne de\u011fi\u015fti sizce? Bu yeni getirilmek istenen anayasan\u0131n T\u00fcrk halk\u0131na faturas\u0131n\u0131n \u00e7ok a\u011f\u0131r olaca\u011f\u0131n\u0131 biliyoruz. O y\u00fczden \u201chay\u0131r\u201d diyoruz\u201d dedi.<\/span> <\/p>\n<p>&nbsp;<\/p>\n<p>&nbsp;<\/p>\n<p>&nbsp;<\/p>\n<p>&nbsp;<\/p>\n","protected":false},"excerpt":{"rendered":"<p>CHP Yalova Merkez \u0130l\u00e7e \u00f6rg\u00fct\u00fc 16 Nisan referandum \u00e7al\u0131\u015fmalar\u0131n\u0131 son h\u0131zla s\u00fcrd\u00fcr\u00fcyor. CHP Merkez \u0130l\u00e7e Ba\u015fkan\u0131 Ertan \u015eener ve partililer<\/p>\n","protected":false},"author":1,"featured_media":4843,"comment_status":"open","ping_status":"open","sticky":false,"template":"","format":"standard","meta":[],"categories":[1],"tags":[],"_links":{"self":[{"href":"http:\/\/www.mertcanpolat.com.tr\/dev\/wp-json\/wp\/v2\/posts\/4842"}],"collection":[{"href":"http:\/\/www.mertcanpolat.com.tr\/dev\/wp-json\/wp\/v2\/posts"}],"about":[{"href":"http:\/\/www.mertcanpolat.com.tr\/dev\/wp-json\/wp\/v2\/types\/post"}],"author":[{"embeddable":true,"href":"http:\/\/www.mertcanpolat.com.tr\/dev\/wp-json\/wp\/v2\/users\/1"}],"replies":[{"embeddable":true,"href":"http:\/\/www.mertcanpolat.com.tr\/dev\/wp-json\/wp\/v2\/comments?post=4842"}],"version-history":[{"count":0,"href":"http:\/\/www.mertcanpolat.com.tr\/dev\/wp-json\/wp\/v2\/posts\/4842\/revisions"}],"wp:featuredmedia":[{"embeddable":true,"href":"http:\/\/www.mertcanpolat.com.tr\/dev\/wp-json\/wp\/v2\/media\/4843"}],"wp:attachment":[{"href":"http:\/\/www.mertcanpolat.com.tr\/dev\/wp-json\/wp\/v2\/media?parent=4842"}],"wp:term":[{"taxonomy":"category","embeddable":true,"href":"http:\/\/www.mertcanpolat.com.tr\/dev\/wp-json\/wp\/v2\/categories?post=4842"},{"taxonomy":"post_tag","embeddable":true,"href":"http:\/\/www.mertcanpolat.com.tr\/dev\/wp-json\/wp\/v2\/tags?post=4842"}],"curies":[{"name":"wp","href":"https:\/\/api.w.org\/{rel}","templated":true}]}}