{"id":4834,"date":"2017-03-29T14:40:00","date_gmt":"2017-03-29T14:40:00","guid":{"rendered":"http:\/\/www.mertcanpolat.com.tr\/dev\/index.php\/2017\/03\/29\/dilipaktan-yalovada-konferans\/"},"modified":"2017-03-29T14:40:00","modified_gmt":"2017-03-29T14:40:00","slug":"dilipaktan-yalovada-konferans","status":"publish","type":"post","link":"http:\/\/www.mertcanpolat.com.tr\/dev\/dilipaktan-yalovada-konferans\/","title":{"rendered":"D\u0130L\u0130PAK\u2019TAN YALOVA\u2019DA KONFERANS"},"content":{"rendered":"<p><b>Yalova&#39;da &#39;Yalova Evet Diyor Platformu&#39; taraf\u0131ndan d\u00fczenlenen &#39;15 Temmuz&#39;dan Referanduma Yeni T\u00fcrkiye&#39; isimli konferansa konu\u015fmac\u0131 olarak kat\u0131lan Gazeteci-Yazar Abdurrahman Dilipak, FET\u00d6&#39;n\u00fcn bir CIA projesi oldu\u011funu s\u00f6yledi.<\/b>   <\/p>\n<p> <span style=\"font-size:14px;\">Yalova Halk E\u011fitim Merkezi&#8217;nde d\u00fczenlenen &#8217;15 Temmuz&#8217;dan Referanduma Yeni T\u00fcrkiye&#8217; isimli konferansa kat\u0131lan Gazeteci-Yazar Abdurrahman Dilipak, konu\u015fmas\u0131n\u0131n b\u00fcy\u00fck b\u00f6l\u00fcm\u00fcn\u00fc Fetullah\u00e7\u0131 Ter\u00f6r \u00d6rg\u00fct\u00fc ve lideri Fetullah G\u00fclen&#8217;a ay\u0131rd\u0131. FET\u00d6&#8217;n\u00fcn bir CIA projesi oldu\u011funu belirten Dilipak, Fetullah G\u00fclen&#8217;in yan\u0131nda kendisinin de \u00e7al\u0131\u015fma yapmas\u0131n\u0131n istenildi\u011fini s\u00f6yledi. Dilipak, &#8216;FET\u00d6&#8217;n\u00fcn CIA ile bug\u00fcnk\u00fc projesini ba\u015flatt\u0131\u011f\u0131 tarih 1991&#8217;dir ve do\u011frudan CIA&#8217;n\u0131n projesi olarak ba\u015flam\u0131\u015ft\u0131r. Fetullah G\u00fclen&#8217;in yan\u0131na iki ki\u015fi daha istiyorlard\u0131. \u0130stedikleri ki\u015filerden birisi bendim. Benim bu i\u015fin siyasi aya\u011f\u0131n\u0131 \u00f6rg\u00fctlememi istiyorlard\u0131. Ben CIA ile de g\u00f6r\u00fc\u015ft\u00fcm. O zaman da bunlar\u0131 a\u00e7\u0131klad\u0131m ama kimse inanmad\u0131. Bu din benim dinim de\u011fil diye kitab\u0131m var mesela. Millet benimle dalga ge\u00e7ti. &#8216;\u00d6yle \u015fey olur mu&#8217; dediler. &#8216;Komplo teorisi&#8217; dediler. &#8216;Bu memlekette b\u00f6yle \u015fey olur mu&#8217; dediler&#8221; diye konu\u015ftu. Eski CIA direkt\u00f6r\u00fc Graham Fuller&#8217;in kendisiyle g\u00f6r\u00fc\u015ft\u00fc\u011f\u00fcn\u00fc de s\u00f6yleyen Dilipak, kendisine yap\u0131lan teklifi nas\u0131l reddetti\u011fini de a\u00e7\u0131klad\u0131.<\/span> <\/p>\n<p> <span style=\"font-size:14px;\">Eski CIA direkt\u00f6r\u00fc Graham Fuller&#8217;in kendisiyle g\u00f6r\u00fc\u015ft\u00fc\u011f\u00fcn\u00fc s\u00f6yleyen Dilipak, kendisine yap\u0131lan teklifi nas\u0131l reddetti\u011fini de a\u00e7\u0131klad\u0131. Dilipak, &#8216;Ben M\u00fcsl\u00fcmanlar hakk\u0131nda gayrim\u00fcslimlerle pazarl\u0131k yapmam dedim. \u0130kincisi de sen bana iktidar teklif ediyorsun dedim, yani buna hay\u0131r demek ger\u00e7ekten cesaret ister, siz bu i\u015fe proje olarak bak\u0131yorsunuz ve bug\u00fcne kadar insan \u00f6ld\u00fcrm\u00fc\u015fs\u00fcn\u00fcz bunun i\u00e7in dedim. Dedim size demek hay\u0131r demek cesaret ister ama ben size bu teklifiniz kar\u015f\u0131s\u0131nda korkarak ya da bu g\u00fcce tamah ederek evet dersem bana inanmay\u0131n dedim. \u00c7\u00fcnk\u00fc akl\u0131m ba\u015f\u0131ma geldi\u011fi zaman size ihanet ederim dedim. Ben Allah&#8217;a ve ah\u0131ret g\u00fcn\u00fcne iman ediyorum, sizden korkuyorum ama Allah&#8217;tan daha \u00e7ok korkuyorum dedim. Siz bana \u00e7ok \u015fey verebilirsiniz ama Allah&#8217;\u0131n verdi\u011fini bana veremezsiniz, ben cenneti \u00fcmit ediyorum siz ise bana d\u00fcnyada bir gelecek vaad ediyorsunuz, ben size evet dersem de size ihanet ederim dedim. \u00d6yle ayr\u0131ld\u0131k. Tart\u0131\u015fmad\u0131k da. \u00d6yle gittiler&#8221; dedi.<\/span> <\/p>\n<p> <span style=\"font-size:14px;\">D\u00fczenlenen konferansa AK Parti Yalova Milletvekili Fikri Demirel, \u00c7iftlikk\u00f6y Belediye Ba\u015fkan\u0131 Ali Murat Silpagar, Ak Parti \u0130l Ba\u015fkan\u0131 Yusuf Ziya \u00d6ztabak, \u0130l Genel Meclisi Ba\u015fkan\u0131 Ya\u015far Demirel ile platform temsilcileri ve vatanda\u015flar kat\u0131ld\u0131.<\/span> <\/p>\n<p>&nbsp;<\/p>\n","protected":false},"excerpt":{"rendered":"<p>Yalova&#39;da &#39;Yalova Evet Diyor Platformu&#39; taraf\u0131ndan d\u00fczenlenen &#39;15 Temmuz&#39;dan Referanduma Yeni T\u00fcrkiye&#39; isimli konferansa konu\u015fmac\u0131 olarak kat\u0131lan Gazeteci-Yazar Abdurrahman Dilipak,<\/p>\n","protected":false},"author":1,"featured_media":4835,"comment_status":"open","ping_status":"open","sticky":false,"template":"","format":"standard","meta":[],"categories":[1],"tags":[],"_links":{"self":[{"href":"http:\/\/www.mertcanpolat.com.tr\/dev\/wp-json\/wp\/v2\/posts\/4834"}],"collection":[{"href":"http:\/\/www.mertcanpolat.com.tr\/dev\/wp-json\/wp\/v2\/posts"}],"about":[{"href":"http:\/\/www.mertcanpolat.com.tr\/dev\/wp-json\/wp\/v2\/types\/post"}],"author":[{"embeddable":true,"href":"http:\/\/www.mertcanpolat.com.tr\/dev\/wp-json\/wp\/v2\/users\/1"}],"replies":[{"embeddable":true,"href":"http:\/\/www.mertcanpolat.com.tr\/dev\/wp-json\/wp\/v2\/comments?post=4834"}],"version-history":[{"count":0,"href":"http:\/\/www.mertcanpolat.com.tr\/dev\/wp-json\/wp\/v2\/posts\/4834\/revisions"}],"wp:featuredmedia":[{"embeddable":true,"href":"http:\/\/www.mertcanpolat.com.tr\/dev\/wp-json\/wp\/v2\/media\/4835"}],"wp:attachment":[{"href":"http:\/\/www.mertcanpolat.com.tr\/dev\/wp-json\/wp\/v2\/media?parent=4834"}],"wp:term":[{"taxonomy":"category","embeddable":true,"href":"http:\/\/www.mertcanpolat.com.tr\/dev\/wp-json\/wp\/v2\/categories?post=4834"},{"taxonomy":"post_tag","embeddable":true,"href":"http:\/\/www.mertcanpolat.com.tr\/dev\/wp-json\/wp\/v2\/tags?post=4834"}],"curies":[{"name":"wp","href":"https:\/\/api.w.org\/{rel}","templated":true}]}}