{"id":4826,"date":"2017-03-29T18:18:00","date_gmt":"2017-03-29T18:18:00","guid":{"rendered":"http:\/\/www.mertcanpolat.com.tr\/dev\/index.php\/2017\/03\/29\/demirarslan-hayatini-kaybetti\/"},"modified":"2017-03-29T18:18:00","modified_gmt":"2017-03-29T18:18:00","slug":"demirarslan-hayatini-kaybetti","status":"publish","type":"post","link":"http:\/\/www.mertcanpolat.com.tr\/dev\/demirarslan-hayatini-kaybetti\/","title":{"rendered":"DEM\u0130RARSLAN HAYATINI KAYBETT\u0130"},"content":{"rendered":"<p><b>Eski Tav\u015fanl\u0131 Belediye Ba\u015fkan\u0131 Zafer Demirarslan hayat\u0131n\u0131 kaybetti.<\/b>   <\/p>\n<p> <span style=\"font-size:14px;\">Yalova\u2019n\u0131n Alt\u0131nova il\u00e7esine ba\u011fl\u0131 Tav\u015fanl\u0131 beldesinin kurucu belediye ba\u015fkan\u0131 olan, daha \u00f6nce de muhtarl\u0131k yapan Zafer Demirarslan, tedavi g\u00f6rd\u00fc\u011f\u00fc hastanede ya\u015fam\u0131n\u0131 yitirdi. Bir s\u00fcre \u00f6nce G\u00f6lc\u00fck&#8217;te bulunan yaz\u0131hanesinde ge\u00e7irdi\u011fi kalp krizi sonras\u0131nda Kocaeli Medical Park Hastanesi&#8217;nde yo\u011fun bak\u0131ma kald\u0131r\u0131lan deneyimli siyaset\u00e7i ya\u015fam sava\u015f\u0131n\u0131 kaybetti.<img alt=\"\" src=\"http:\/\/ajansyalova.com\/Images\/Thumbs\/Editor\/6029-zaferdemirarslan.jpeg\" style=\"border-width: 2px; border-style: solid; margin: 2px; float: right; width: 300px; height: 448px;\" \/> <\/span> <\/p>\n<p> <span style=\"font-size:14px;\">Demirarslan i\u00e7in 30 Mart Per\u015fembe g\u00fcn\u00fc Yukar\u0131 Tav\u015fanl\u0131 K\u00f6y\u00fc\u2019nde \u00f6\u011fle namaz\u0131 sonras\u0131 cenaze t\u00f6reni d\u00fczenlenecek. Demirarslan\u2019\u0131n naa\u015f\u0131 k\u00f6y mezarl\u0131\u011f\u0131na defnedilecek.<\/span> <\/p>\n<p> <span style=\"font-size:14px;\">Tav\u015fanl\u0131\u2019n\u0131n ilk kurulu\u015f y\u0131llar\u0131nda belediye ba\u015fkanl\u0131\u011f\u0131 yapan Zafer Demirarslan, daha sonraki se\u00e7imlerde de ayn\u0131 g\u00f6reve talip olmu\u015f ancak se\u00e7ilememi\u015fti.<\/span> <\/p>\n","protected":false},"excerpt":{"rendered":"<p>Eski Tav\u015fanl\u0131 Belediye Ba\u015fkan\u0131 Zafer Demirarslan hayat\u0131n\u0131 kaybetti. Yalova\u2019n\u0131n Alt\u0131nova il\u00e7esine ba\u011fl\u0131 Tav\u015fanl\u0131 beldesinin kurucu belediye ba\u015fkan\u0131 olan, daha \u00f6nce<\/p>\n","protected":false},"author":1,"featured_media":4827,"comment_status":"open","ping_status":"open","sticky":false,"template":"","format":"standard","meta":[],"categories":[1],"tags":[],"_links":{"self":[{"href":"http:\/\/www.mertcanpolat.com.tr\/dev\/wp-json\/wp\/v2\/posts\/4826"}],"collection":[{"href":"http:\/\/www.mertcanpolat.com.tr\/dev\/wp-json\/wp\/v2\/posts"}],"about":[{"href":"http:\/\/www.mertcanpolat.com.tr\/dev\/wp-json\/wp\/v2\/types\/post"}],"author":[{"embeddable":true,"href":"http:\/\/www.mertcanpolat.com.tr\/dev\/wp-json\/wp\/v2\/users\/1"}],"replies":[{"embeddable":true,"href":"http:\/\/www.mertcanpolat.com.tr\/dev\/wp-json\/wp\/v2\/comments?post=4826"}],"version-history":[{"count":0,"href":"http:\/\/www.mertcanpolat.com.tr\/dev\/wp-json\/wp\/v2\/posts\/4826\/revisions"}],"wp:featuredmedia":[{"embeddable":true,"href":"http:\/\/www.mertcanpolat.com.tr\/dev\/wp-json\/wp\/v2\/media\/4827"}],"wp:attachment":[{"href":"http:\/\/www.mertcanpolat.com.tr\/dev\/wp-json\/wp\/v2\/media?parent=4826"}],"wp:term":[{"taxonomy":"category","embeddable":true,"href":"http:\/\/www.mertcanpolat.com.tr\/dev\/wp-json\/wp\/v2\/categories?post=4826"},{"taxonomy":"post_tag","embeddable":true,"href":"http:\/\/www.mertcanpolat.com.tr\/dev\/wp-json\/wp\/v2\/tags?post=4826"}],"curies":[{"name":"wp","href":"https:\/\/api.w.org\/{rel}","templated":true}]}}