{"id":4824,"date":"2017-03-30T11:56:00","date_gmt":"2017-03-30T11:56:00","guid":{"rendered":"http:\/\/www.mertcanpolat.com.tr\/dev\/index.php\/2017\/03\/30\/dolguda-islem-tamam\/"},"modified":"2017-03-30T11:56:00","modified_gmt":"2017-03-30T11:56:00","slug":"dolguda-islem-tamam","status":"publish","type":"post","link":"http:\/\/www.mertcanpolat.com.tr\/dev\/dolguda-islem-tamam\/","title":{"rendered":"DOLGUDA \u0130\u015eLEM TAMAM"},"content":{"rendered":"<p><b>\u00c7\u0131narc\u0131k\u2019ta uzun y\u0131llard\u0131r yap\u0131lmas\u0131 g\u00fcndemde olan dolgu projesinin ihalesi tamamland\u0131. \u00c7\u0131narc\u0131k Belediyesi ile dolgu yap\u0131m i\u015fi ihalesini alan firma aras\u0131nda s\u00f6zle\u015fme imzalan\u0131rken \u00c7\u0131narc\u0131k Belediye Ba\u015fkan\u0131 Avni Kurt, il\u00e7eye nefes ald\u0131racak, de\u011fer kazand\u0131racak bu projeyi 2018 y\u0131l\u0131n\u0131n yaz aylar\u0131nda tamamlayacaklar\u0131n\u0131 s\u00f6yledi.<\/b>   <\/p>\n<p> <span style=\"font-size:14px;\">\u00c7\u0131narc\u0131k\u2019ta 2007 y\u0131l\u0131nda projesi onaylanan, 2014 y\u0131l\u0131nda yap\u0131lan protokolle \u00e7al\u0131\u015fmalara ba\u015flanan dolgu projesinde \u00fc\u00e7\u00fcnc\u00fc etap \u00e7al\u0131\u015fmalar\u0131 i\u00e7in yap\u0131lan ihale sonu\u00e7land\u0131. \u00c7\u0131narc\u0131k Belediye Ba\u015fkan\u0131 Avni Kurt, dolgu projesi ihalesini alan Kayra Port Liman \u0130\u015fletmecili\u011fi \u0130n\u015faat Taahh\u00fct A\u015e yetkilisi Hakan \u00d6nc\u00fc ile ihale s\u00f6zle\u015fmesini imzalad\u0131. \u0130mza t\u00f6reni sonras\u0131nda bir a\u00e7\u0131klama yapan \u00c7\u0131narc\u0131k Belediye Ba\u015fkan\u0131 Avni Kurt, projenin \u00c7\u0131narc\u0131k\u2019a hay\u0131rl\u0131 olmas\u0131n\u0131 diledi.<\/span> <\/p>\n<p> <span style=\"font-size:14px;\">Ba\u015fkan Kurt, g\u00f6reve geldi\u011fi g\u00fcnden bu yana dolgu projesinin tamamlanmas\u0131 i\u00e7in \u00e7al\u0131\u015ft\u0131klar\u0131n\u0131 ifade ederek \u201cBu projenin bizim d\u00f6nemimizde bitece\u011fini umut ediyoruz\u201d diye konu\u015ftu. \u0130haleye tek firman\u0131n kat\u0131ld\u0131\u011f\u0131n\u0131 kaydeden Kurt, \u201cDolgu projesinin resmi ihalesini yapt\u0131k. Kat\u0131l\u0131mc\u0131 tek firmam\u0131z vard\u0131. Firma da \u00e7ok ciddi bir firma. Onlar\u0131n da lay\u0131k\u0131yla yapaca\u011f\u0131na inan\u0131yorum. Kolay i\u015f de\u011fil. \u00c7\u0131narc\u0131k i\u00e7in \u00e7ok \u00f6nemli bir proje. Proje zaten 3 etaptan olu\u015fuyor. Birinci ve ikinci etab\u0131 bitmi\u015f durumda. Atat\u00fcrk heykelinin arkas\u0131 ve Turyol iskelesinin oldu\u011fu k\u0131s\u0131m bitti. Sadece \u00fc\u00e7\u00fcnc\u00fc etap olan dereden Ta\u015fliman\u2019a kadar olan yakla\u015f\u0131k 400 metre paralelde, 60 metre derinlikte, ortalama olarak 25 bin metrekarelik bir alan dolgu olacak\u201d dedi.<\/span> <\/p>\n<div style=\"background:#eee;border:1px solid #ccc;padding:5px 10px;\"> <span style=\"font-size:14px;\"> <strong>2018 yaz sezonuna yeti\u015fecek<img alt=\"\" src=\"http:\/\/ajansyalova.com\/Images\/Thumbs\/Editor\/6031-cinarcikdolgu.jpeg\" style=\"border-width: 2px; border-style: solid; margin: 2px; float: right; width: 500px; height: 378px;\" \/> <\/strong> <\/span> <\/p>\n","protected":false},"excerpt":{"rendered":"<p>\u00c7\u0131narc\u0131k\u2019ta uzun y\u0131llard\u0131r yap\u0131lmas\u0131 g\u00fcndemde olan dolgu projesinin ihalesi tamamland\u0131. \u00c7\u0131narc\u0131k Belediyesi ile dolgu yap\u0131m i\u015fi ihalesini alan firma aras\u0131nda<\/p>\n","protected":false},"author":1,"featured_media":4825,"comment_status":"open","ping_status":"open","sticky":false,"template":"","format":"standard","meta":[],"categories":[1],"tags":[],"_links":{"self":[{"href":"http:\/\/www.mertcanpolat.com.tr\/dev\/wp-json\/wp\/v2\/posts\/4824"}],"collection":[{"href":"http:\/\/www.mertcanpolat.com.tr\/dev\/wp-json\/wp\/v2\/posts"}],"about":[{"href":"http:\/\/www.mertcanpolat.com.tr\/dev\/wp-json\/wp\/v2\/types\/post"}],"author":[{"embeddable":true,"href":"http:\/\/www.mertcanpolat.com.tr\/dev\/wp-json\/wp\/v2\/users\/1"}],"replies":[{"embeddable":true,"href":"http:\/\/www.mertcanpolat.com.tr\/dev\/wp-json\/wp\/v2\/comments?post=4824"}],"version-history":[{"count":0,"href":"http:\/\/www.mertcanpolat.com.tr\/dev\/wp-json\/wp\/v2\/posts\/4824\/revisions"}],"wp:featuredmedia":[{"embeddable":true,"href":"http:\/\/www.mertcanpolat.com.tr\/dev\/wp-json\/wp\/v2\/media\/4825"}],"wp:attachment":[{"href":"http:\/\/www.mertcanpolat.com.tr\/dev\/wp-json\/wp\/v2\/media?parent=4824"}],"wp:term":[{"taxonomy":"category","embeddable":true,"href":"http:\/\/www.mertcanpolat.com.tr\/dev\/wp-json\/wp\/v2\/categories?post=4824"},{"taxonomy":"post_tag","embeddable":true,"href":"http:\/\/www.mertcanpolat.com.tr\/dev\/wp-json\/wp\/v2\/tags?post=4824"}],"curies":[{"name":"wp","href":"https:\/\/api.w.org\/{rel}","templated":true}]}}