{"id":4822,"date":"2017-03-30T13:01:00","date_gmt":"2017-03-30T13:01:00","guid":{"rendered":"http:\/\/www.mertcanpolat.com.tr\/dev\/index.php\/2017\/03\/30\/yalovada-lale-mevsimi\/"},"modified":"2017-03-30T13:01:00","modified_gmt":"2017-03-30T13:01:00","slug":"yalovada-lale-mevsimi","status":"publish","type":"post","link":"http:\/\/www.mertcanpolat.com.tr\/dev\/yalovada-lale-mevsimi\/","title":{"rendered":"YALOVA&#39;DA LALE MEVS\u0130M\u0130"},"content":{"rendered":"<p><b>\u0130lkbahar\u0131n gelmesiyle birlikte Yalova Belediyesi, kent genelinde \u00e7i\u00e7eklendirme \u00e7al\u0131\u015fmalar\u0131na h\u0131z verdi. \u00d6zellikle kentin giri\u015f noktalar\u0131nda yer alan ye\u015fil alanlarda \u00e7i\u00e7eklendirme \u00e7al\u0131\u015fmalar\u0131 yap\u0131larak rengarenk laleler dikildi.<\/b>   <\/p>\n<p> <span style=\"font-size:14px;\">Yalova Belediyesi Park ve Bah\u00e7eler Birimi ekipleri ilkbahar\u0131n gelmesiyle birlikte park, ref\u00fcj ve kav\u015faklarda \u00e7i\u00e7eklendirme \u00e7al\u0131\u015fmalar\u0131na ba\u015flad\u0131. Mevsimlik \u00e7i\u00e7ek ekimlerinin yan\u0131 s\u0131ra rengarenk laleler kentimizin bamba\u015fka bir g\u00f6r\u00fcn\u00fcm kazanmas\u0131n\u0131 sa\u011flad\u0131.<img alt=\"\" src=\"http:\/\/ajansyalova.com\/Images\/Thumbs\/Editor\/6033-laleler2.jpeg\" style=\"border-width: 2px; border-style: solid; margin: 2px; float: right; width: 500px; height: 333px;\" \/> <\/span> <\/p>\n<p> <span style=\"font-size:14px;\">\u00c7i\u00e7ek kenti Yalova\u2019ya yak\u0131\u015facak \u00e7al\u0131\u015fmalar yapt\u0131klar\u0131n\u0131 belirten Yalova Belediye Ba\u015fkan Yard\u0131mc\u0131s\u0131 Halit G\u00fcle\u00e7, \u201cYalova \u00e7i\u00e7ek\u00e7ilik konusunda \u00fclkemizin \u00f6nde gelen \u015fehirlerinden bir tanesi. Bu \u00f6zelli\u011fimizi kent genelinde hissettirmek, kentimize gelen misafirlerimizi \u00e7i\u00e7ek bah\u00e7esi i\u00e7erisinde konuk etmek amac\u0131yla \u00e7al\u0131\u015fmalar\u0131m\u0131za bahar\u0131n gelmesiyle birlikte h\u0131z verdik. Kent genelinde yapt\u0131\u011f\u0131m\u0131z \u00e7i\u00e7eklendirme \u00e7al\u0131\u015fmalar\u0131 \u015fehre ayr\u0131 bir g\u00fczellik kat\u0131yor. \u00d6zellikle kentimizin giri\u015flerine ve ge\u00e7i\u015f noktalar\u0131na \u00e7i\u00e7ek ekimleri ve peyzaj \u00e7al\u0131\u015fmalar\u0131 yaparak yaz ay\u0131na haz\u0131rlan\u0131yoruz. Yapm\u0131\u015f oldu\u011fumuz \u00e7al\u0131\u015fmalar vatanda\u015flar\u0131m\u0131z taraf\u0131ndan da be\u011feni g\u00f6r\u00fcyor. Yaln\u0131zca \u015fehir merkeziyle s\u0131n\u0131rl\u0131 kalmayaca\u011f\u0131z. Mahallelerimizde bulunan parklar\u0131m\u0131zda da peyzaj \u00e7al\u0131\u015fmalar\u0131 ger\u00e7ekle\u015ftirece\u011fiz.&nbsp; Bu \u00e7al\u0131\u015fmalar artarak devam edecek\u201d dedi.<\/span> <\/p>\n","protected":false},"excerpt":{"rendered":"<p>\u0130lkbahar\u0131n gelmesiyle birlikte Yalova Belediyesi, kent genelinde \u00e7i\u00e7eklendirme \u00e7al\u0131\u015fmalar\u0131na h\u0131z verdi. \u00d6zellikle kentin giri\u015f noktalar\u0131nda yer alan ye\u015fil alanlarda \u00e7i\u00e7eklendirme<\/p>\n","protected":false},"author":1,"featured_media":4823,"comment_status":"open","ping_status":"open","sticky":false,"template":"","format":"standard","meta":[],"categories":[1],"tags":[],"_links":{"self":[{"href":"http:\/\/www.mertcanpolat.com.tr\/dev\/wp-json\/wp\/v2\/posts\/4822"}],"collection":[{"href":"http:\/\/www.mertcanpolat.com.tr\/dev\/wp-json\/wp\/v2\/posts"}],"about":[{"href":"http:\/\/www.mertcanpolat.com.tr\/dev\/wp-json\/wp\/v2\/types\/post"}],"author":[{"embeddable":true,"href":"http:\/\/www.mertcanpolat.com.tr\/dev\/wp-json\/wp\/v2\/users\/1"}],"replies":[{"embeddable":true,"href":"http:\/\/www.mertcanpolat.com.tr\/dev\/wp-json\/wp\/v2\/comments?post=4822"}],"version-history":[{"count":0,"href":"http:\/\/www.mertcanpolat.com.tr\/dev\/wp-json\/wp\/v2\/posts\/4822\/revisions"}],"wp:featuredmedia":[{"embeddable":true,"href":"http:\/\/www.mertcanpolat.com.tr\/dev\/wp-json\/wp\/v2\/media\/4823"}],"wp:attachment":[{"href":"http:\/\/www.mertcanpolat.com.tr\/dev\/wp-json\/wp\/v2\/media?parent=4822"}],"wp:term":[{"taxonomy":"category","embeddable":true,"href":"http:\/\/www.mertcanpolat.com.tr\/dev\/wp-json\/wp\/v2\/categories?post=4822"},{"taxonomy":"post_tag","embeddable":true,"href":"http:\/\/www.mertcanpolat.com.tr\/dev\/wp-json\/wp\/v2\/tags?post=4822"}],"curies":[{"name":"wp","href":"https:\/\/api.w.org\/{rel}","templated":true}]}}