{"id":4820,"date":"2017-03-30T13:11:00","date_gmt":"2017-03-30T13:11:00","guid":{"rendered":"http:\/\/www.mertcanpolat.com.tr\/dev\/index.php\/2017\/03\/30\/sehitlikten-gelen-toprak-yalovada\/"},"modified":"2017-03-30T13:11:00","modified_gmt":"2017-03-30T13:11:00","slug":"sehitlikten-gelen-toprak-yalovada","status":"publish","type":"post","link":"http:\/\/www.mertcanpolat.com.tr\/dev\/sehitlikten-gelen-toprak-yalovada\/","title":{"rendered":"\u015eEH\u0130TL\u0130KTEN GELEN TOPRAK YALOVA\u2019DA"},"content":{"rendered":"<p><b>\u00c7a\u011fda\u015f Ya\u015fam\u0131 Destekleme Derne\u011fi Yalova \u015eubesi Ba\u015fkan\u0131 Ay\u015fen Sara\u00e7, Yalova Belediye Ba\u015fkan\u0131 Vefa Salman\u2019\u0131 makam\u0131nda ziyaret etti. Sara\u00e7, kat\u0131ld\u0131\u011f\u0131 Ulusal \u00c7a\u011fda\u015f Gen\u00e7lik \u00c7anakkale Abide Bulu\u015fmas\u0131\u2019nda, \u015fehitlikten ald\u0131\u011f\u0131 topra\u011f\u0131 da Ba\u015fkan Salman\u2019a verdi.<\/b>   <\/p>\n<p> <span style=\"font-size:14px;\">\u00c7a\u011fda\u015f Ya\u015fam\u0131 Destekleme Derne\u011fi\u2019nin bu y\u0131l 11.sini organize etti\u011fi Ulusal \u00c7a\u011fda\u015f Gen\u00e7lik \u00c7anakkale Abide Bulu\u015fmas\u0131, 1600 gencin kat\u0131l\u0131m\u0131yla ger\u00e7ekle\u015ftirildi. T\u00fcrkiye\u2019nin her \u015fehrinden ve kentimizden de Y\u00fcr\u00fcyen K\u00f6\u015fk\u2019ten al\u0131nan toprak \u00c7anakkale\u2019ye g\u00f6t\u00fcr\u00fclerek \u015fehitliklere ve T\u00fcrkan Saylan an\u0131s\u0131na dikilecek olan \u00e7\u0131nar a\u011fac\u0131n\u0131n k\u00f6klerine serpildi.<\/span> <\/p>\n<p> <span style=\"font-size:14px;\">Y\u00fcr\u00fcyen K\u00f6\u015fk\u2019te \u00c7a\u011fda\u015f Ya\u015fam\u0131 Destekleme Derne\u011fi Yalova \u015eubesi \u00fcyeleri ile bir araya gelen Yalova Belediye Ba\u015fkan\u0131 Vefa Salman, \u015fehitli\u011fe konmak \u00fczere Yalova\u2019dan g\u00f6nderilecek topra\u011f\u0131 k\u00f6\u015fk\u00fcn bah\u00e7esinden alarak dernek \u00fcyelerine teslim etmi\u015fti. \u00c7anakkale\u2019ye g\u00f6nderilecek topra\u011f\u0131n daha anlaml\u0131 olmas\u0131 amac\u0131yla bu i\u015f i\u00e7in Y\u00fcr\u00fcyen K\u00f6\u015fk\u2019\u00fcn bah\u00e7esi se\u00e7ilmi\u015fti. \u00c7a\u011fda\u015f Ya\u015fam\u0131 Destekleme Derne\u011fi Yalova \u015eubesi Ba\u015fkan\u0131 Ay\u015fen Sara\u00e7, kat\u0131ld\u0131\u011f\u0131 anlaml\u0131 program sonras\u0131nda \u015fehitlikten ald\u0131\u011f\u0131 topra\u011f\u0131 da Ba\u015fkan Salman\u2019a verdi.<\/span> <\/p>\n<p> <span style=\"font-size:14px;\">Ba\u015fkan Salman, \u015fehitliklerden getirilen topra\u011f\u0131n \u00f6nemine vurgu yaparak, \u201cT\u00fcrk tarihinin en b\u00fcy\u00fck ve en \u00f6nemli zaferlerinden olan \u00c7anakkale Zaferi\u2019nde \u015fehit d\u00fc\u015fen bu memleketin g\u00fczel evlatlar\u0131n\u0131n bedenlerini \u00f6rten bu \u00f6zel topraklar\u0131 \u015fu anda ellerimde tutabilmek bile beni ziyadesiyle duyguland\u0131rd\u0131. Bu topra\u011f\u0131 kentimizle \u00f6zde\u015fle\u015fen Ata\u2019m\u0131z\u0131n bizlere miras\u0131 olan Y\u00fcr\u00fcyen K\u00f6\u015fk\u2019\u00fcm\u00fcz\u00fcn yan\u0131ndaki ulu \u00e7\u0131nar a\u011fac\u0131n\u0131n topra\u011f\u0131 ile kar\u0131\u015ft\u0131rarak aziz \u015fehitlerimiz gibi \u00f6l\u00fcms\u00fcz olmas\u0131n\u0131 sa\u011flayaca\u011f\u0131z\u201d dedi.<\/span> <\/p>\n<p>&nbsp;<\/p>\n","protected":false},"excerpt":{"rendered":"<p>\u00c7a\u011fda\u015f Ya\u015fam\u0131 Destekleme Derne\u011fi Yalova \u015eubesi Ba\u015fkan\u0131 Ay\u015fen Sara\u00e7, Yalova Belediye Ba\u015fkan\u0131 Vefa Salman\u2019\u0131 makam\u0131nda ziyaret etti. Sara\u00e7, kat\u0131ld\u0131\u011f\u0131 Ulusal<\/p>\n","protected":false},"author":1,"featured_media":4821,"comment_status":"open","ping_status":"open","sticky":false,"template":"","format":"standard","meta":[],"categories":[1],"tags":[],"_links":{"self":[{"href":"http:\/\/www.mertcanpolat.com.tr\/dev\/wp-json\/wp\/v2\/posts\/4820"}],"collection":[{"href":"http:\/\/www.mertcanpolat.com.tr\/dev\/wp-json\/wp\/v2\/posts"}],"about":[{"href":"http:\/\/www.mertcanpolat.com.tr\/dev\/wp-json\/wp\/v2\/types\/post"}],"author":[{"embeddable":true,"href":"http:\/\/www.mertcanpolat.com.tr\/dev\/wp-json\/wp\/v2\/users\/1"}],"replies":[{"embeddable":true,"href":"http:\/\/www.mertcanpolat.com.tr\/dev\/wp-json\/wp\/v2\/comments?post=4820"}],"version-history":[{"count":0,"href":"http:\/\/www.mertcanpolat.com.tr\/dev\/wp-json\/wp\/v2\/posts\/4820\/revisions"}],"wp:featuredmedia":[{"embeddable":true,"href":"http:\/\/www.mertcanpolat.com.tr\/dev\/wp-json\/wp\/v2\/media\/4821"}],"wp:attachment":[{"href":"http:\/\/www.mertcanpolat.com.tr\/dev\/wp-json\/wp\/v2\/media?parent=4820"}],"wp:term":[{"taxonomy":"category","embeddable":true,"href":"http:\/\/www.mertcanpolat.com.tr\/dev\/wp-json\/wp\/v2\/categories?post=4820"},{"taxonomy":"post_tag","embeddable":true,"href":"http:\/\/www.mertcanpolat.com.tr\/dev\/wp-json\/wp\/v2\/tags?post=4820"}],"curies":[{"name":"wp","href":"https:\/\/api.w.org\/{rel}","templated":true}]}}