{"id":4810,"date":"2017-03-31T14:49:00","date_gmt":"2017-03-31T14:49:00","guid":{"rendered":"http:\/\/www.mertcanpolat.com.tr\/dev\/index.php\/2017\/03\/31\/cinarcika-yeni-arac\/"},"modified":"2017-03-31T14:49:00","modified_gmt":"2017-03-31T14:49:00","slug":"cinarcika-yeni-arac","status":"publish","type":"post","link":"http:\/\/www.mertcanpolat.com.tr\/dev\/cinarcika-yeni-arac\/","title":{"rendered":"\u00c7INARCIK&#39;A YEN\u0130 ARA\u00c7"},"content":{"rendered":"<p><b>\u00c7\u0131narc\u0131k Belediyesi ara\u00e7 filosuna \u00f6nemli bir takviye daha yapt\u0131. Belediyenin tamamen \u00f6z sermayesiyle al\u0131nan Hidromek marka kaz\u0131c\u0131 y\u00fckleyici kep\u00e7e ile ara\u00e7 filosu daha da g\u00fc\u00e7lendi.<\/b>   <\/p>\n<p> <span style=\"font-size:14px;\">\u0130l\u00e7e genelinde meydana gelebilecek alt yap\u0131 ar\u0131zalar\u0131n\u0131 gidermek i\u00e7in kaz\u0131 ve d\u00fczenleme i\u015flerinde kullan\u0131lmak \u00fczere sat\u0131n al\u0131nan kep\u00e7e t\u00f6renle hizmete girdi. Belediye binas\u0131 \u00f6n\u00fcnde d\u00fczenlenen t\u00f6rende konu\u015fan \u00c7\u0131narc\u0131k Belediye Ba\u015fkan\u0131 Avni Kurt, g\u00f6reve gelmelerinden itibaren s\u00fcrekli olarak ara\u00e7 filolar\u0131n\u0131 g\u00fc\u00e7lendirdiklerini kaydetti.<img alt=\"\" src=\"http:\/\/ajansyalova.com\/Images\/Thumbs\/Editor\/6041-ismakinesi.jpeg\" style=\"border-width: 2px; border-style: solid; margin: 2px; float: right; width: 600px; height: 343px;\" \/> <\/span> <\/p>\n<p> <span style=\"font-size:14px;\">Kurt, \u201cElimizde at\u0131l olan ara\u00e7lar\u0131 yeniletip hizmete sokuyoruz. Bunun yan\u0131nda ihtiyaca y\u00f6nelik s\u0131f\u0131r ara\u00e7lar da sat\u0131n al\u0131yoruz. Bug\u00fcn de tamamen \u00f6z sermayemiz ile Hidromek marka kaz\u0131c\u0131 y\u00fckleyici kep\u00e7eyi filomuza katt\u0131k Son model bu i\u015f makinesi ile ihtiya\u00e7lar\u0131m\u0131z\u0131 \u00f6nemli oranda giderece\u011fiz\u201d diye konu\u015ftu.<\/span> <\/p>\n<p> <span style=\"font-size:14px;\">Arac\u0131n anahtarlar\u0131n\u0131 personele teslim eden Ba\u015fkan Kurt, arac\u0131n Garaj Amirli\u011fi b\u00fcnyesinde hizmete vererek saha \u00e7al\u0131\u015fmalar\u0131nda etkin ve h\u0131zl\u0131 bir hizmet \u00fcreteceklerini s\u00f6zlerine ekledi.<\/span> <\/p>\n","protected":false},"excerpt":{"rendered":"<p>\u00c7\u0131narc\u0131k Belediyesi ara\u00e7 filosuna \u00f6nemli bir takviye daha yapt\u0131. Belediyenin tamamen \u00f6z sermayesiyle al\u0131nan Hidromek marka kaz\u0131c\u0131 y\u00fckleyici kep\u00e7e ile<\/p>\n","protected":false},"author":1,"featured_media":4811,"comment_status":"open","ping_status":"open","sticky":false,"template":"","format":"standard","meta":[],"categories":[1],"tags":[],"_links":{"self":[{"href":"http:\/\/www.mertcanpolat.com.tr\/dev\/wp-json\/wp\/v2\/posts\/4810"}],"collection":[{"href":"http:\/\/www.mertcanpolat.com.tr\/dev\/wp-json\/wp\/v2\/posts"}],"about":[{"href":"http:\/\/www.mertcanpolat.com.tr\/dev\/wp-json\/wp\/v2\/types\/post"}],"author":[{"embeddable":true,"href":"http:\/\/www.mertcanpolat.com.tr\/dev\/wp-json\/wp\/v2\/users\/1"}],"replies":[{"embeddable":true,"href":"http:\/\/www.mertcanpolat.com.tr\/dev\/wp-json\/wp\/v2\/comments?post=4810"}],"version-history":[{"count":0,"href":"http:\/\/www.mertcanpolat.com.tr\/dev\/wp-json\/wp\/v2\/posts\/4810\/revisions"}],"wp:featuredmedia":[{"embeddable":true,"href":"http:\/\/www.mertcanpolat.com.tr\/dev\/wp-json\/wp\/v2\/media\/4811"}],"wp:attachment":[{"href":"http:\/\/www.mertcanpolat.com.tr\/dev\/wp-json\/wp\/v2\/media?parent=4810"}],"wp:term":[{"taxonomy":"category","embeddable":true,"href":"http:\/\/www.mertcanpolat.com.tr\/dev\/wp-json\/wp\/v2\/categories?post=4810"},{"taxonomy":"post_tag","embeddable":true,"href":"http:\/\/www.mertcanpolat.com.tr\/dev\/wp-json\/wp\/v2\/tags?post=4810"}],"curies":[{"name":"wp","href":"https:\/\/api.w.org\/{rel}","templated":true}]}}