{"id":4800,"date":"2017-03-31T18:02:00","date_gmt":"2017-03-31T18:02:00","guid":{"rendered":"http:\/\/www.mertcanpolat.com.tr\/dev\/index.php\/2017\/03\/31\/feto-davasinda-ara-karar-aciklandi\/"},"modified":"2017-03-31T18:02:00","modified_gmt":"2017-03-31T18:02:00","slug":"feto-davasinda-ara-karar-aciklandi","status":"publish","type":"post","link":"http:\/\/www.mertcanpolat.com.tr\/dev\/feto-davasinda-ara-karar-aciklandi\/","title":{"rendered":"FET\u00d6 DAVASINDA ARA KARAR A\u00c7IKLANDI"},"content":{"rendered":"<p><b>Yalova\u2019da FET\u00d6\/ PDY \u00f6rg\u00fctlenmesine y\u00f6nelik olarak a\u00e7\u0131lan davada ara karar a\u00e7\u0131kland\u0131. Mahkeme heyeti tutuklu olarak yarg\u0131lanan 9 san\u0131\u011f\u0131 serbest b\u0131rakt\u0131.<\/b>   <\/p>\n<p> <span style=\"font-size:14px;\">Yalova&#8217;da 21 Mart 2017 tarihinde ba\u015flanan ve 9 g\u00fcn s\u00fcren FET\u00d6\/PDY duru\u015fmas\u0131nda yap\u0131lan tutuklamalarla tutuklu say\u0131s\u0131 53&#8217;e y\u00fckselmi\u015fti. Bug\u00fcn \u00f6\u011fleden sonra mahkeme heyeti duru\u015fman\u0131n ara karar\u0131n\u0131 a\u00e7\u0131klad\u0131.<br \/> Mahkeme Heyeti Ba\u015fkan\u0131 Hakim Metin U\u011fur taraf\u0131ndan okunan ara karara g\u00f6re 53 tutuklu aras\u0131nda, pi\u015fmanl\u0131k yasas\u0131ndan faydalanan, ya\u015fl\u0131 ve sa\u011fl\u0131k sorunlar\u0131 olan, do\u011fum yapacak ve telefonunda ByLock \u00e7\u0131kmayan &nbsp;V.U, M.B., F.Y., M.H.Y., O.Y., S.H., \u00c7.A., A.D. ve H.D. &#8216;nin tutukluluk hallerinin kald\u0131r\u0131lmas\u0131na, adli kontrol ve yurt d\u0131\u015f\u0131na \u00e7\u0131kma yasa\u011f\u0131 getirilmesine karar verildi.<br \/> Di\u011fer san\u0131klar\u0131n tutukluluk hallerinin devam\u0131na karar veren mahkeme tutuklu ve adli kontrol \u015fart\u0131 ile tutuksuz yarg\u0131lanan san\u0131klar\u0131n \u00f6zel ara\u00e7 ve miras yolu ile gelen mal varl\u0131klar\u0131 \u00fczerindeki ihtiyati tedbirin de kald\u0131r\u0131lmas\u0131na karar verdi.<br \/> Mahkeme heyeti davaya 30 Kas\u0131m 2017 tarihinde devam edilmesini de karara ba\u011flad\u0131.&nbsp;<\/span> <\/p>\n","protected":false},"excerpt":{"rendered":"<p>Yalova\u2019da FET\u00d6\/ PDY \u00f6rg\u00fctlenmesine y\u00f6nelik olarak a\u00e7\u0131lan davada ara karar a\u00e7\u0131kland\u0131. Mahkeme heyeti tutuklu olarak yarg\u0131lanan 9 san\u0131\u011f\u0131 serbest b\u0131rakt\u0131.<\/p>\n","protected":false},"author":1,"featured_media":4801,"comment_status":"open","ping_status":"open","sticky":false,"template":"","format":"standard","meta":[],"categories":[1],"tags":[],"_links":{"self":[{"href":"http:\/\/www.mertcanpolat.com.tr\/dev\/wp-json\/wp\/v2\/posts\/4800"}],"collection":[{"href":"http:\/\/www.mertcanpolat.com.tr\/dev\/wp-json\/wp\/v2\/posts"}],"about":[{"href":"http:\/\/www.mertcanpolat.com.tr\/dev\/wp-json\/wp\/v2\/types\/post"}],"author":[{"embeddable":true,"href":"http:\/\/www.mertcanpolat.com.tr\/dev\/wp-json\/wp\/v2\/users\/1"}],"replies":[{"embeddable":true,"href":"http:\/\/www.mertcanpolat.com.tr\/dev\/wp-json\/wp\/v2\/comments?post=4800"}],"version-history":[{"count":0,"href":"http:\/\/www.mertcanpolat.com.tr\/dev\/wp-json\/wp\/v2\/posts\/4800\/revisions"}],"wp:featuredmedia":[{"embeddable":true,"href":"http:\/\/www.mertcanpolat.com.tr\/dev\/wp-json\/wp\/v2\/media\/4801"}],"wp:attachment":[{"href":"http:\/\/www.mertcanpolat.com.tr\/dev\/wp-json\/wp\/v2\/media?parent=4800"}],"wp:term":[{"taxonomy":"category","embeddable":true,"href":"http:\/\/www.mertcanpolat.com.tr\/dev\/wp-json\/wp\/v2\/categories?post=4800"},{"taxonomy":"post_tag","embeddable":true,"href":"http:\/\/www.mertcanpolat.com.tr\/dev\/wp-json\/wp\/v2\/tags?post=4800"}],"curies":[{"name":"wp","href":"https:\/\/api.w.org\/{rel}","templated":true}]}}