{"id":4796,"date":"2017-04-04T11:55:00","date_gmt":"2017-04-04T11:55:00","guid":{"rendered":"http:\/\/www.mertcanpolat.com.tr\/dev\/index.php\/2017\/04\/04\/ak-parti-esnafla-biraraya-geliyor\/"},"modified":"2017-04-04T11:55:00","modified_gmt":"2017-04-04T11:55:00","slug":"ak-parti-esnafla-biraraya-geliyor","status":"publish","type":"post","link":"http:\/\/www.mertcanpolat.com.tr\/dev\/ak-parti-esnafla-biraraya-geliyor\/","title":{"rendered":"AK PART\u0130, ESNAFLA B\u0130RARAYA GEL\u0130YOR"},"content":{"rendered":"<p><b>16 Nisan\u2019da yap\u0131lacak referandum \u00f6ncesi AK Parti \u0130l Te\u015fkilat\u0131 \u00e7al\u0131\u015fmalar\u0131na h\u0131z kesmeden devam ediyor. AK Parti \u0130l Ba\u015fkan\u0131 Yusuf Ziya \u00d6ztabak ve Milletvekili Fikri Demirel iki ayr\u0131 koldan te\u015fkilat mensuplar\u0131 ile birlikte neden \u2018evet\u2019 denilmesi gerekti\u011fini halka ve esnafa anlat\u0131yor.<\/b>   <\/p>\n<p> <span style=\"font-size:14px;\">AK Parti Yalova \u0130l Ba\u015fkan\u0131 Yusuf Ziya \u00d6ztabak, Milletvekili Fikri Demirel ve te\u015fkilat mensuplar\u0131, esnaf ile bir araya gelerek anayasa de\u011fi\u015fikli\u011fi ve cumhurba\u015fkanl\u0131\u011f\u0131 sisteminin T\u00fcrkiye&#8217;nin daha h\u0131zl\u0131 b\u00fcy\u00fcmesine, g\u00fc\u00e7lenmesine at\u0131lan \u00f6nemli bir ad\u0131m oldu\u011funu aktard\u0131lar.<\/span> <\/p>\n<p> <span style=\"font-size:14px;\">Ba\u015fkan \u00d6ztabak, &#8220;Biz inan\u0131yoruz ki milli ve manevi de\u011ferlere ba\u011fl\u0131, inan\u00e7l\u0131, vatan\u0131n\u0131 seven, bayra\u011f\u0131 u\u011fruna can\u0131n\u0131 vermede geri durmayan hem\u015ferilerimizde bu se\u00e7imde hassas davranacaklard\u0131r. 15 Temmuz&#8217;da Yalova\u2019da ve T\u00fcrkiye&#8217;de milletimiz ile birlikte darbeye kar\u015f\u0131 durduysak, referandumda da T\u00fcrkiye&#8217;nin b\u00fcy\u00fcmesine hay\u0131r diyenlere en g\u00fczel cevab\u0131 vermek i\u00e7in birlikte duru\u015fumuzu sergileyece\u011fiz&#8221; ifadelerini kulland\u0131.<\/span> <\/p>\n<p> <span style=\"font-size:14px;\">H\u00fck\u00fcmetin esnaf ve sanatkara y\u00f6nelik yeni d\u00fczenlemeleri hakk\u0131nda da bilgiler veren Ba\u015fkan \u00d6ztabak, gerek ter\u00f6r \u00f6rg\u00fctlerinin \u00fclkemizde uygulamaya \u00e7al\u0131\u015ft\u0131\u011f\u0131 hain planlar, gerek d\u0131\u015f mihraklar\u0131n oynad\u0131\u011f\u0131 oyunlar nedeniyle durgun ve s\u0131k\u0131nt\u0131l\u0131 bir s\u00fcre\u00e7 ya\u015fayan esnaf ve sanatkar\u0131 rahatlatmak i\u00e7in bir tak\u0131m tedbirler ald\u0131klar\u0131n\u0131, h\u00fck\u00fcmetin \u00fcretenin, \u00e7al\u0131\u015fan\u0131n, yat\u0131r\u0131m yapan\u0131n, istihdam sa\u011flayan\u0131n yan\u0131nda oldu\u011funu dile getirdi.<\/span> <\/p>\n<p> <strong> <span style=\"font-size:14px;\">\u2018Esnaf\u0131m\u0131zdan destek istiyoruz\u2019<\/span> <\/strong> <\/p>\n<p> <span style=\"font-size:14px;\">Yalova Milletvekili Fikri Demirel de \u201cReferandum \u00e7al\u0131\u015fmalar\u0131m\u0131z h\u0131zl\u0131 bir \u015fekilde devam ediyor. Hep beraber sahalarday\u0131z. Esnaf\u0131m\u0131zla, vatanda\u015flar\u0131m\u0131zla hasbihal ediyoruz, kucakla\u015f\u0131yoruz, hal hat\u0131r soruyoruz. 16 Nisan&#8217;da ger\u00e7ekle\u015ftirilecek Cumhurba\u015fkanl\u0131\u011f\u0131 H\u00fck\u00fcmet Sistemi ve Anayasa De\u011fi\u015fikli\u011fi halk oylamas\u0131 i\u00e7in, vatanda\u015flardan, \u00fclkenin gelece\u011fi i\u00e7in destek istiyoruz. Vatanda\u015flar\u0131m\u0131zdan, esnaflar\u0131m\u0131zdan evet hususunda T\u00fcrkiye\u2019mizin gelece\u011fi, \u00fclkemizin, Yalova\u2019m\u0131z\u0131n, gelece\u011fi i\u00e7in daha b\u00fcy\u00fck desteklerini istiyoruz\u201d a\u00e7\u0131klamas\u0131nda bulundu.<\/span> <\/p>\n<p>&nbsp;<\/p>\n<p>&nbsp;<\/p>\n","protected":false},"excerpt":{"rendered":"<p>16 Nisan\u2019da yap\u0131lacak referandum \u00f6ncesi AK Parti \u0130l Te\u015fkilat\u0131 \u00e7al\u0131\u015fmalar\u0131na h\u0131z kesmeden devam ediyor. AK Parti \u0130l Ba\u015fkan\u0131 Yusuf Ziya<\/p>\n","protected":false},"author":1,"featured_media":4797,"comment_status":"open","ping_status":"open","sticky":false,"template":"","format":"standard","meta":[],"categories":[1],"tags":[],"_links":{"self":[{"href":"http:\/\/www.mertcanpolat.com.tr\/dev\/wp-json\/wp\/v2\/posts\/4796"}],"collection":[{"href":"http:\/\/www.mertcanpolat.com.tr\/dev\/wp-json\/wp\/v2\/posts"}],"about":[{"href":"http:\/\/www.mertcanpolat.com.tr\/dev\/wp-json\/wp\/v2\/types\/post"}],"author":[{"embeddable":true,"href":"http:\/\/www.mertcanpolat.com.tr\/dev\/wp-json\/wp\/v2\/users\/1"}],"replies":[{"embeddable":true,"href":"http:\/\/www.mertcanpolat.com.tr\/dev\/wp-json\/wp\/v2\/comments?post=4796"}],"version-history":[{"count":0,"href":"http:\/\/www.mertcanpolat.com.tr\/dev\/wp-json\/wp\/v2\/posts\/4796\/revisions"}],"wp:featuredmedia":[{"embeddable":true,"href":"http:\/\/www.mertcanpolat.com.tr\/dev\/wp-json\/wp\/v2\/media\/4797"}],"wp:attachment":[{"href":"http:\/\/www.mertcanpolat.com.tr\/dev\/wp-json\/wp\/v2\/media?parent=4796"}],"wp:term":[{"taxonomy":"category","embeddable":true,"href":"http:\/\/www.mertcanpolat.com.tr\/dev\/wp-json\/wp\/v2\/categories?post=4796"},{"taxonomy":"post_tag","embeddable":true,"href":"http:\/\/www.mertcanpolat.com.tr\/dev\/wp-json\/wp\/v2\/tags?post=4796"}],"curies":[{"name":"wp","href":"https:\/\/api.w.org\/{rel}","templated":true}]}}