{"id":4794,"date":"2017-04-04T12:07:00","date_gmt":"2017-04-04T12:07:00","guid":{"rendered":"http:\/\/www.mertcanpolat.com.tr\/dev\/index.php\/2017\/04\/04\/bakan-isik-bugun-yalovada\/"},"modified":"2017-04-04T12:07:00","modified_gmt":"2017-04-04T12:07:00","slug":"bakan-isik-bugun-yalovada","status":"publish","type":"post","link":"http:\/\/www.mertcanpolat.com.tr\/dev\/bakan-isik-bugun-yalovada\/","title":{"rendered":"BAKAN I\u015eIK BUG\u00dcN YALOVA\u2019DA"},"content":{"rendered":"<p><b>Milli Savunma Bakan\u0131m\u0131 Fikri I\u015f\u0131k, Sal\u0131 g\u00fcn\u00fc (bug\u00fcn) Yalova\u2019da cumhurba\u015fkanl\u0131\u011f\u0131 h\u00fck\u00fcmet sistemi ve halk oylamas\u0131na destek vermek amac\u0131yla bir tak\u0131m ziyaretler ger\u00e7ekle\u015ftirip konferans verecek.<\/b>   <\/p>\n<p> <span style=\"font-size:14px;\">Bug\u00fcn Yalova\u2019ya gelecek olan Milli Savunma Bakan\u0131 Fikri I\u015f\u0131k, Yalova\u2019daki program\u0131na Alt\u0131nova\u2019dan ba\u015flayacak. \u0130lk olarak bu il\u00e7ede bir konferans verecek olan Bakan I\u015f\u0131k, ard\u0131ndan tersaneler b\u00f6lgesinde ziyaretlerde bulunacak.<\/span> <\/p>\n<p> <span style=\"font-size:14px;\">Bakan I\u015f\u0131k, \u00f6\u011fleden sonraki program\u0131nda Yalova\u2019da esnaflar\u0131 ziyaret ederek referandumda destek isteyecek. I\u015f\u0131k, son olarak Halk E\u011fitim Merkezi Konferans Salonu\u2019nda bir konferans vererek Yaloval\u0131lara hitap edecek.<\/span> <\/p>\n<p>&nbsp;<\/p>\n","protected":false},"excerpt":{"rendered":"<p>Milli Savunma Bakan\u0131m\u0131 Fikri I\u015f\u0131k, Sal\u0131 g\u00fcn\u00fc (bug\u00fcn) Yalova\u2019da cumhurba\u015fkanl\u0131\u011f\u0131 h\u00fck\u00fcmet sistemi ve halk oylamas\u0131na destek vermek amac\u0131yla bir tak\u0131m<\/p>\n","protected":false},"author":1,"featured_media":4795,"comment_status":"open","ping_status":"open","sticky":false,"template":"","format":"standard","meta":[],"categories":[1],"tags":[],"_links":{"self":[{"href":"http:\/\/www.mertcanpolat.com.tr\/dev\/wp-json\/wp\/v2\/posts\/4794"}],"collection":[{"href":"http:\/\/www.mertcanpolat.com.tr\/dev\/wp-json\/wp\/v2\/posts"}],"about":[{"href":"http:\/\/www.mertcanpolat.com.tr\/dev\/wp-json\/wp\/v2\/types\/post"}],"author":[{"embeddable":true,"href":"http:\/\/www.mertcanpolat.com.tr\/dev\/wp-json\/wp\/v2\/users\/1"}],"replies":[{"embeddable":true,"href":"http:\/\/www.mertcanpolat.com.tr\/dev\/wp-json\/wp\/v2\/comments?post=4794"}],"version-history":[{"count":0,"href":"http:\/\/www.mertcanpolat.com.tr\/dev\/wp-json\/wp\/v2\/posts\/4794\/revisions"}],"wp:featuredmedia":[{"embeddable":true,"href":"http:\/\/www.mertcanpolat.com.tr\/dev\/wp-json\/wp\/v2\/media\/4795"}],"wp:attachment":[{"href":"http:\/\/www.mertcanpolat.com.tr\/dev\/wp-json\/wp\/v2\/media?parent=4794"}],"wp:term":[{"taxonomy":"category","embeddable":true,"href":"http:\/\/www.mertcanpolat.com.tr\/dev\/wp-json\/wp\/v2\/categories?post=4794"},{"taxonomy":"post_tag","embeddable":true,"href":"http:\/\/www.mertcanpolat.com.tr\/dev\/wp-json\/wp\/v2\/tags?post=4794"}],"curies":[{"name":"wp","href":"https:\/\/api.w.org\/{rel}","templated":true}]}}