{"id":4792,"date":"2017-04-04T12:25:00","date_gmt":"2017-04-04T12:25:00","guid":{"rendered":"http:\/\/www.mertcanpolat.com.tr\/dev\/index.php\/2017\/04\/04\/yeni-baskandan-evet-aciklamasi\/"},"modified":"2017-04-04T12:25:00","modified_gmt":"2017-04-04T12:25:00","slug":"yeni-baskandan-evet-aciklamasi","status":"publish","type":"post","link":"http:\/\/www.mertcanpolat.com.tr\/dev\/yeni-baskandan-evet-aciklamasi\/","title":{"rendered":"YEN\u0130 BA\u015eKANDAN \u2018EVET\u2019 A\u00c7IKLAMASI"},"content":{"rendered":"<p><b>16 Nisan\u2019da yap\u0131lacak anayasa de\u011fi\u015fikli\u011fi referandumuna destek verme karar\u0131 alan B\u00fcy\u00fck Birlik Partisi\u2019de Talip Bayburtlu\u2019nun istifas\u0131 sonras\u0131nda \u0130l Ba\u015fkanl\u0131\u011f\u0131na getirilen Ahmet Naci G\u00fcrelman, \u00a0\u201cBu ha\u00e7la hilalin sava\u015f\u0131d\u0131r. Devlet, millet, vatan ve bayrak i\u00e7in b\u00fcy\u00fck birlik olma zaman\u0131d\u0131r\u201d dedi.<\/b>   <\/p>\n<p> <span style=\"font-size:14px;\">BBP Genel Merkezi\u2019nin a\u00e7\u0131klad\u0131\u011f\u0131 \u2018evet\u2019 karar\u0131 sonras\u0131 Yalova \u0130l Ba\u015fkan\u0131 Talip Bayburtlu bu karar\u0131 desteklemedi\u011fini belirtmi\u015f ve g\u00f6revinden istifa etmi\u015fti. Bayburtlu\u2019nun yerine daha \u00f6nce il ba\u015fkan yard\u0131mc\u0131s\u0131 olarak g\u00f6rev yapan Ahmet Naci G\u00fcrelman il ba\u015fkanl\u0131\u011f\u0131na getirildi. Yaz\u0131l\u0131 bir a\u00e7\u0131klama yapan G\u00fcrelman, Bayburtlu\u2019ya bug\u00fcne kadar verdi\u011fi emekler i\u00e7in te\u015fekk\u00fcr etti.<\/span> <\/p>\n<p> <span style=\"font-size:14px;\">Referandum s\u00fcreciyle ilgili bir a\u00e7\u0131klama yapan Ahmet Naci G\u00fcrelman, \u201cTam manas\u0131yla, k\u00e2mil anlamda bir de\u011fi\u015fiklik teklifi sunulmasa dahi \u00fclkemizin i\u00e7inde bulundu\u011fu kritik durum g\u00f6z \u00f6n\u00fcne al\u0131nd\u0131\u011f\u0131nda feraset sahibi her vatanda\u015f\u0131m\u0131zla ayn\u0131 ortak g\u00f6r\u00fc\u015f\u00fcn etraf\u0131nda toparlanmak devletimizin yar\u0131nlar\u0131 i\u00e7in \u00e7ok b\u00fcy\u00fck bir \u00f6neme haizdir. 16 Nisan\u2019a kadar devam edecek bu s\u00fcre\u00e7te \u00fclkemizdeki ahlak siyaseti ve milletimizin birlikteli\u011fi i\u00e7in temsil makam\u0131nda olanlar\u0131n kullanacaklar\u0131 birle\u015ftirici ve b\u00fct\u00fcnle\u015ftirici bir \u00fcslup yar\u0131nlar\u0131m\u0131za g\u00fcvenle bakmam\u0131za teminat olacakt\u0131r\u201d dedi.<\/span> <\/p>\n<p> <span style=\"font-size:14px;\">Halk\u0131n kutupla\u015ft\u0131r\u0131lmamas\u0131 gerekti\u011fine vurgu yapan G\u00fcrelman, s\u00f6zlerine \u015f\u00f6yle devam etti:<\/span> <\/p>\n<p> <span style=\"font-size:14px;\">\u201cHareketimiz i\u00e7inde \u015fahsi kararlar\u0131 farkl\u0131 olan arkada\u015flar\u0131m\u0131z\u0131n kararlar\u0131na sayg\u0131 duymaktay\u0131z fakat \u015fahsi kararlar\u0131n\u0131n medya \u00f6n\u00fcnde hareketimize dair makamlarda parti karar\u0131ym\u0131\u015f gibi takdim etmekte ne te\u015fkilat yap\u0131m\u0131zla ne de T\u00fcrk t\u00f6resiyle ba\u011fda\u015fmaz. G\u00f6r\u00fclmektedir ki vatan\u0131m\u0131z, milletimiz ve g\u00f6n\u00fcl co\u011frafyam\u0131z d\u00fcnyan\u0131n kan\u0131n\u0131 emen emperyalist odaklar ve onlar\u0131n i\u015fbirlik\u00e7ileri taraf\u0131ndan b\u00fcy\u00fck bir tehdit alt\u0131ndad\u0131r. Gizli veya a\u00e7\u0131k olarak devletimiz bir ku\u015fatma alt\u0131nda, milletimizin varl\u0131\u011f\u0131 tehlike alt\u0131ndad\u0131r. Papa Vatikan\u2019da Hristiyan Avrupa \u00fclkeleri liderlerini a\u011f\u0131rlayarak \u0130slam\u2019\u0131n son kalesi olarak g\u00f6rd\u00fckleri T\u00fcrkiye\u2019ye toplu resim \u00e7ektirerek Hristiyan birli\u011finin yani Ha\u00e7l\u0131 ittifak\u0131n\u0131n bir ve beraber oldu\u011fu mesaj\u0131n\u0131 vermi\u015ftir. Bu mesaj hilal ile ha\u00e7\u0131n sava\u015f\u0131 oldu\u011funun g\u00f6stergesidir. Ha\u00e7l\u0131 ittifak\u0131n\u0131n bu mesaj\u0131na kar\u015f\u0131l\u0131k olarak aziz milletimiz 16 Nisan\u2019da yap\u0131lacak olan referandumda \u201cevet\u201d diyerek Vatikan\u2019da toplanan bu \u015fer cephesine en b\u00fcy\u00fck mesaj\u0131 verece\u011fine inanc\u0131m\u0131z tamd\u0131r. Devletin ve milletin bekas\u0131 s\u00f6z konusu oldu\u011fu g\u00fcn, bug\u00fcnd\u00fcr. Bu ha\u00e7la hilalin sava\u015f\u0131d\u0131r. Devlet, millet, vatan ve bayrak i\u00e7in b\u00fcy\u00fck birlik olma zaman\u0131d\u0131r\u201d<\/span> <\/p>\n","protected":false},"excerpt":{"rendered":"<p>16 Nisan\u2019da yap\u0131lacak anayasa de\u011fi\u015fikli\u011fi referandumuna destek verme karar\u0131 alan B\u00fcy\u00fck Birlik Partisi\u2019de Talip Bayburtlu\u2019nun istifas\u0131 sonras\u0131nda \u0130l Ba\u015fkanl\u0131\u011f\u0131na getirilen<\/p>\n","protected":false},"author":1,"featured_media":4793,"comment_status":"open","ping_status":"open","sticky":false,"template":"","format":"standard","meta":[],"categories":[1],"tags":[],"_links":{"self":[{"href":"http:\/\/www.mertcanpolat.com.tr\/dev\/wp-json\/wp\/v2\/posts\/4792"}],"collection":[{"href":"http:\/\/www.mertcanpolat.com.tr\/dev\/wp-json\/wp\/v2\/posts"}],"about":[{"href":"http:\/\/www.mertcanpolat.com.tr\/dev\/wp-json\/wp\/v2\/types\/post"}],"author":[{"embeddable":true,"href":"http:\/\/www.mertcanpolat.com.tr\/dev\/wp-json\/wp\/v2\/users\/1"}],"replies":[{"embeddable":true,"href":"http:\/\/www.mertcanpolat.com.tr\/dev\/wp-json\/wp\/v2\/comments?post=4792"}],"version-history":[{"count":0,"href":"http:\/\/www.mertcanpolat.com.tr\/dev\/wp-json\/wp\/v2\/posts\/4792\/revisions"}],"wp:featuredmedia":[{"embeddable":true,"href":"http:\/\/www.mertcanpolat.com.tr\/dev\/wp-json\/wp\/v2\/media\/4793"}],"wp:attachment":[{"href":"http:\/\/www.mertcanpolat.com.tr\/dev\/wp-json\/wp\/v2\/media?parent=4792"}],"wp:term":[{"taxonomy":"category","embeddable":true,"href":"http:\/\/www.mertcanpolat.com.tr\/dev\/wp-json\/wp\/v2\/categories?post=4792"},{"taxonomy":"post_tag","embeddable":true,"href":"http:\/\/www.mertcanpolat.com.tr\/dev\/wp-json\/wp\/v2\/tags?post=4792"}],"curies":[{"name":"wp","href":"https:\/\/api.w.org\/{rel}","templated":true}]}}