{"id":4790,"date":"2017-04-04T12:36:00","date_gmt":"2017-04-04T12:36:00","guid":{"rendered":"http:\/\/www.mertcanpolat.com.tr\/dev\/index.php\/2017\/04\/04\/valilikten-panel-iptali\/"},"modified":"2017-04-04T12:36:00","modified_gmt":"2017-04-04T12:36:00","slug":"valilikten-panel-iptali","status":"publish","type":"post","link":"http:\/\/www.mertcanpolat.com.tr\/dev\/valilikten-panel-iptali\/","title":{"rendered":"VAL\u0130L\u0130KTEN PANEL \u0130PTAL\u0130"},"content":{"rendered":"<p><b>Yeni Asya Yalova Temsilcili\u011fi\u2019nin d\u00fczenledi\u011fi \u201cHukukun \u00dcst\u00fcnl\u00fc\u011f\u00fc ve Adalet\u201d konulu panelin Yalova Valili\u011fi taraf\u0131ndan iptal edildi\u011fi \u00f6\u011frenildi. Valili\u011fin karar\u0131 temsilcilik taraf\u0131ndan tepkiyle kar\u015f\u0131land\u0131.<\/b>   <\/p>\n<p> <span style=\"font-size:14px;\">Yeni Asya Gazetesi Yalova \u0130l Sekreteri Burak K\u00fc\u00e7\u00fck, d\u00fczenlenecek panelin OHAL ve g\u00fcvenlik gerek\u00e7esi ile iptal edildi\u011fini ifade ederek \u201cAdalet ve hukukun \u00fcst\u00fcnl\u00fc\u011f\u00fcn\u00fcn konu\u015fulmas\u0131 ve Bedi\u00fczzaman\u2019\u0131n an\u0131lmas\u0131n\u0131n kim yada kimleri rahats\u0131z edebilece\u011fi anla\u015f\u0131lamam\u0131\u015ft\u0131r\u201d dedi.<\/span> <\/p>\n<p> <span style=\"font-size:14px;\">Bu tarz orgaznizasyonlar\u0131n desteklenmesi gerekirken bir g\u00fcn kala iptal edilmesini anlayamad\u0131klar\u0131n\u0131 kaydeden K\u00fc\u00e7\u00fck, \u015f\u00f6yle devam etti:<\/span> <\/p>\n<p> <span style=\"font-size:14px;\">\u201cHer g\u00fcn \u00e7e\u015fitli \u015fehirlerde meydanlar mitinglerle doldurulurken, toplant\u0131lar d\u00fczenlenirken g\u00fcvenlik problem olmuyor, bug\u00fcne kadar panellerinde hi\u00e7bir olay ya\u015fanmayan Yeni Asya grubunun paneline yasak getiriliyor. Y\u00fczlerce panel, onlarca mevlid d\u00fczenleyen Yeni Asya\u2019n\u0131n hangi program\u0131nda bir asayi\u015f sorunu olmu\u015f ki g\u00fcvenlik gerek\u00e7esi deniliyor. Bunu anlamak m\u00fcmk\u00fcn de\u011fil. Aksine, bu toplant\u0131larla&nbsp;bug\u00fcn i\u00e7inden \u00e7\u0131kmak i\u00e7in \u00e7aba g\u00f6sterdi\u011fimiz hayat\u00ee meselelerde belki toplumun her kesimi taraf\u0131ndan benimsenebilecek son derece hakl\u0131, me\u015fru \u00e7\u0131k\u0131\u015f yollar\u0131 g\u00f6sterilmeye \u00e7al\u0131\u015f\u0131l\u0131yor Bu \u00e7al\u0131\u015fmalar T\u00fcrkiye\u2019nin her d\u00f6nem oldu\u011fu gibi bu sanc\u0131l\u0131 d\u00f6neminde de \u00fclkenin hayr\u0131na olacak faaliyetlerdendir\u201d<\/span> <\/p>\n<p>&nbsp;<\/p>\n","protected":false},"excerpt":{"rendered":"<p>Yeni Asya Yalova Temsilcili\u011fi\u2019nin d\u00fczenledi\u011fi \u201cHukukun \u00dcst\u00fcnl\u00fc\u011f\u00fc ve Adalet\u201d konulu panelin Yalova Valili\u011fi taraf\u0131ndan iptal edildi\u011fi \u00f6\u011frenildi. Valili\u011fin karar\u0131 temsilcilik<\/p>\n","protected":false},"author":1,"featured_media":4791,"comment_status":"open","ping_status":"open","sticky":false,"template":"","format":"standard","meta":[],"categories":[1],"tags":[],"_links":{"self":[{"href":"http:\/\/www.mertcanpolat.com.tr\/dev\/wp-json\/wp\/v2\/posts\/4790"}],"collection":[{"href":"http:\/\/www.mertcanpolat.com.tr\/dev\/wp-json\/wp\/v2\/posts"}],"about":[{"href":"http:\/\/www.mertcanpolat.com.tr\/dev\/wp-json\/wp\/v2\/types\/post"}],"author":[{"embeddable":true,"href":"http:\/\/www.mertcanpolat.com.tr\/dev\/wp-json\/wp\/v2\/users\/1"}],"replies":[{"embeddable":true,"href":"http:\/\/www.mertcanpolat.com.tr\/dev\/wp-json\/wp\/v2\/comments?post=4790"}],"version-history":[{"count":0,"href":"http:\/\/www.mertcanpolat.com.tr\/dev\/wp-json\/wp\/v2\/posts\/4790\/revisions"}],"wp:featuredmedia":[{"embeddable":true,"href":"http:\/\/www.mertcanpolat.com.tr\/dev\/wp-json\/wp\/v2\/media\/4791"}],"wp:attachment":[{"href":"http:\/\/www.mertcanpolat.com.tr\/dev\/wp-json\/wp\/v2\/media?parent=4790"}],"wp:term":[{"taxonomy":"category","embeddable":true,"href":"http:\/\/www.mertcanpolat.com.tr\/dev\/wp-json\/wp\/v2\/categories?post=4790"},{"taxonomy":"post_tag","embeddable":true,"href":"http:\/\/www.mertcanpolat.com.tr\/dev\/wp-json\/wp\/v2\/tags?post=4790"}],"curies":[{"name":"wp","href":"https:\/\/api.w.org\/{rel}","templated":true}]}}