{"id":4788,"date":"2017-04-04T12:44:00","date_gmt":"2017-04-04T12:44:00","guid":{"rendered":"http:\/\/www.mertcanpolat.com.tr\/dev\/index.php\/2017\/04\/04\/yalovadan-guclu-hayir-cikacak\/"},"modified":"2017-04-04T12:44:00","modified_gmt":"2017-04-04T12:44:00","slug":"yalovadan-guclu-hayir-cikacak","status":"publish","type":"post","link":"http:\/\/www.mertcanpolat.com.tr\/dev\/yalovadan-guclu-hayir-cikacak\/","title":{"rendered":"YALOVA\u2019DAN G\u00dc\u00c7L\u00dc \u2018HAYIR\u2019 \u00c7IKACAK"},"content":{"rendered":"<p><b>CHP Yalova \u0130l Ba\u015fkan\u0131 \u00d6zcan \u00d6zel, 16 Nisan\u2019da yap\u0131lacak referandumda Atat\u00fcrk\u2019\u00fcn \u201cBenim kentim\u201d dedi\u011fi Yalova\u2019dan g\u00fc\u00e7l\u00fc bir \u2018hay\u0131r\u2019 \u00e7\u0131kaca\u011f\u0131n\u0131 s\u00f6yledi.<\/b>   <\/p>\n<p> <span style=\"font-size:14px;\">Referandumla ilgili partisinin yapt\u0131\u011f\u0131 \u00e7al\u0131\u015fmalar hakk\u0131nda de\u011ferlendirmelerde bulunan CHP \u0130l Ba\u015fkan\u0131 \u00d6zcan \u00d6zel, \u201c\u0130l \u00f6rg\u00fct\u00fcm\u00fcz Yalova\u2019n\u0131n insan odakl\u0131 ya\u015famsal t\u00fcm aktif hareket alanlar\u0131nda referandum \u00e7al\u0131\u015fmalar\u0131n\u0131 aral\u0131ks\u0131z s\u00fcrd\u00fcrmeye devam etmektedir. Gerek k\u00f6ylerimizde gerekse kent merkezlerimizde halk\u0131m\u0131zla i\u00e7 i\u00e7e olmaya, CHP olarak neden bu anayasaya \u201cHay\u0131r\u201d dedi\u011fimizi tek tek madde madde anlatmaya devam ediyoruz.&nbsp; Kad\u0131n Kollar\u0131m\u0131z\u0131n sokak sokak, cadde cadde, ev ev dola\u015fmalar\u0131, Gen\u00e7lik Kollar\u0131m\u0131z\u0131n yeni oy kullanacak gen\u00e7 karde\u015flerimize hitaben Genel Ba\u015fkan\u0131m\u0131z\u0131n yazd\u0131\u011f\u0131 mektuplar\u0131&nbsp; adreslerine giderek teslim etmeleri, afi\u015f ve pankartlar\u0131m\u0131z\u0131 \u015fehrimizin \u00f6nemli noktalar\u0131na asma \u00e7al\u0131\u015fmalar\u0131nda bulunmalar\u0131, il\u00e7e \u00f6rg\u00fctlerimizin de y\u00f6relerinde k\u00f6y k\u00f6y,mmahalle mahalle dola\u015farak \u2018Hay\u0131rl\u0131 g\u00fcnler\u2019 dileklerimizi iletmeleri 15 Nisan se\u00e7im g\u00fcn\u00fc ak\u015fam\u0131 sonuna kadar artarak devam edecektir\u201d dedi.<\/span> <\/p>\n<p> <span style=\"font-size:14px;\">CHP Yalova Milletvekili Muharrem \u0130nce\u2019nin her g\u00fcn 3-4 miting yaparak ola\u011fan\u00fcst\u00fc bir g\u00fc\u00e7le \u00e7al\u0131\u015ft\u0131\u011f\u0131n\u0131 belirten \u00d6zel, son g\u00fcne kadar da Yalova\u2019da \u00e7al\u0131\u015fmalar\u0131 s\u00fcrd\u00fcreceklerini kaydetti.&nbsp; \u00d6zel, s\u00f6zlerini \u015f\u00f6yle tamamlad\u0131:<\/span> <\/p>\n<p> <span style=\"font-size:14px;\">\u201cHay\u0131r\u2019\u0131n ilimizde ilk Cumhurba\u015fkan\u0131m\u0131z Atat\u00fcrk\u2019\u00fcn \u201cYalova Benim Kentim\u2019dir\u201d dedi\u011fi Yalovam\u0131zda g\u00fc\u00e7l\u00fc \u00e7\u0131kaca\u011f\u0131na inan\u0131yorum. Cumhuriyetin bir\u00e7ok kurumlar\u0131n\u0131n, y\u00f6netmeliklerinin burada kurulmu\u015f oldu\u011funu unutmad\u0131k. Az g\u00fcn de olsa Cumhuriyetin ilk y\u0131llar\u0131nda Atam\u0131z ile birlikte bu \u00fclkeye yar\u0131 ba\u015fkentlik etmi\u015f \u015fehrimizin Cumhuriyet ve Demokrasimiz i\u00e7in sand\u0131ktan \u2018Hay\u0131r\u2019l\u0131 sonu\u00e7lar \u00e7\u0131karaca\u011f\u0131na inanc\u0131m\u0131z tamd\u0131r. Aksi olmas\u0131 halinde bu anayasan\u0131n toplumsal tahribat\u0131 Kenan Evren\u2019in 82 anayasas\u0131ndan \u00e7ok daha fazla olacakt\u0131r\u201d<\/span> <\/p>\n<p>&nbsp;<\/p>\n","protected":false},"excerpt":{"rendered":"<p>CHP Yalova \u0130l Ba\u015fkan\u0131 \u00d6zcan \u00d6zel, 16 Nisan\u2019da yap\u0131lacak referandumda Atat\u00fcrk\u2019\u00fcn \u201cBenim kentim\u201d dedi\u011fi Yalova\u2019dan g\u00fc\u00e7l\u00fc bir \u2018hay\u0131r\u2019 \u00e7\u0131kaca\u011f\u0131n\u0131 s\u00f6yledi.<\/p>\n","protected":false},"author":1,"featured_media":4789,"comment_status":"open","ping_status":"open","sticky":false,"template":"","format":"standard","meta":[],"categories":[1],"tags":[],"_links":{"self":[{"href":"http:\/\/www.mertcanpolat.com.tr\/dev\/wp-json\/wp\/v2\/posts\/4788"}],"collection":[{"href":"http:\/\/www.mertcanpolat.com.tr\/dev\/wp-json\/wp\/v2\/posts"}],"about":[{"href":"http:\/\/www.mertcanpolat.com.tr\/dev\/wp-json\/wp\/v2\/types\/post"}],"author":[{"embeddable":true,"href":"http:\/\/www.mertcanpolat.com.tr\/dev\/wp-json\/wp\/v2\/users\/1"}],"replies":[{"embeddable":true,"href":"http:\/\/www.mertcanpolat.com.tr\/dev\/wp-json\/wp\/v2\/comments?post=4788"}],"version-history":[{"count":0,"href":"http:\/\/www.mertcanpolat.com.tr\/dev\/wp-json\/wp\/v2\/posts\/4788\/revisions"}],"wp:featuredmedia":[{"embeddable":true,"href":"http:\/\/www.mertcanpolat.com.tr\/dev\/wp-json\/wp\/v2\/media\/4789"}],"wp:attachment":[{"href":"http:\/\/www.mertcanpolat.com.tr\/dev\/wp-json\/wp\/v2\/media?parent=4788"}],"wp:term":[{"taxonomy":"category","embeddable":true,"href":"http:\/\/www.mertcanpolat.com.tr\/dev\/wp-json\/wp\/v2\/categories?post=4788"},{"taxonomy":"post_tag","embeddable":true,"href":"http:\/\/www.mertcanpolat.com.tr\/dev\/wp-json\/wp\/v2\/tags?post=4788"}],"curies":[{"name":"wp","href":"https:\/\/api.w.org\/{rel}","templated":true}]}}