{"id":4784,"date":"2017-04-07T11:34:00","date_gmt":"2017-04-07T11:34:00","guid":{"rendered":"http:\/\/www.mertcanpolat.com.tr\/dev\/index.php\/2017\/04\/07\/inceden-hayirli-yuruyus\/"},"modified":"2017-04-07T11:34:00","modified_gmt":"2017-04-07T11:34:00","slug":"inceden-hayirli-yuruyus","status":"publish","type":"post","link":"http:\/\/www.mertcanpolat.com.tr\/dev\/inceden-hayirli-yuruyus\/","title":{"rendered":"\u0130NCE\u2019DEN HAYIRLI Y\u00dcR\u00dcY\u00dc\u015e"},"content":{"rendered":"<p><b>T\u00fcm T\u00fcrkiye \u00e7ap\u0131nda ger\u00e7ekle\u015ftirdi\u011fi mitinglerin ard\u0131ndan Yalova\u2019ya gelen CHP Yalova Milletvekili Muharrem \u0130nce, aya\u011f\u0131n\u0131n tozuyla y\u00fcr\u00fcy\u00fc\u015f d\u00fczenledi. \u0130nce, \u2018Hay\u0131r\u2019 afi\u015flerinin kesilmesine de ilgin\u00e7 bir tepki verdi.<\/b>   <\/p>\n<p> <span style=\"font-size:14px;\"> <img alt=\"\" src=\"http:\/\/ajansyalova.com\/Images\/Thumbs\/Editor\/6056-17546864_1879004535679792_7943268569844773555_o.jpeg\" style=\"border-width: 2px; border-style: solid; margin: 2px; float: left; width: 700px; height: 466px;\" \/>CHP Yalova Milletvekili Muharrem \u0130nce, 16 Nisan Anayasa de\u011fi\u015fikli\u011fi referandumu \u00e7al\u0131\u015fmalar\u0131 kapsam\u0131nda y\u00fcr\u00fcy\u00fc\u015f ger\u00e7ekle\u015ftirdi. 15 Temmuz Demokrasi ve Cumhuriyet Meydan\u0131&#8217;ndan ba\u015flayan y\u00fcr\u00fcy\u00fc\u015f, Cumhuriyet, Fatih, Spor, \u0130stanbul, Sefabey, Mimar Sinan Caddeleri g\u00fczergah\u0131 \u00fczerinden devam ederek tekrar meydanda sona erdi. Y\u00fcr\u00fcy\u00fc\u015fe CHP \u0130l Ba\u015fkan\u0131 \u00d6zcan \u00d6zel, Yalova Belediye Ba\u015fkan\u0131 Vefa Salman, \u00c7\u0131narc\u0131k Belediye Ba\u015fkan\u0131 Avni Kurt, Kaytazdere Belediye Ba\u015fkan\u0131 Ali Kangal, Ta\u015fk\u00f6pr\u00fc Belediye Ba\u015fkan\u0131 Nedret G\u00fclen, Koru Belediye Ba\u015fkan\u0131 Kamil Yaman ile partili y\u00f6neticiler kat\u0131ld\u0131.<\/span> <\/p>\n<p> <span style=\"font-size:14px;\">Y\u00fcr\u00fcy\u00fc\u015f sonras\u0131nda konu\u015fan \u0130nce, 16 Nisan referandum \u00e7al\u0131\u015fmalar\u0131 kapsam\u0131nda ast\u0131klar\u0131 afi\u015flerin kesildi\u011fini anlat\u0131rken, \u015f\u00f6yle dedi:<\/span> <\/p>\n<p> <span style=\"font-size:14px;\">&#8220;Afi\u015fleri kestiler. Gen\u00e7lere talimat verdim. &#8216;Kimsenin can\u0131n\u0131 yakmay\u0131n&#8217; dedim. &#8216;Sadece afi\u015f yerine keseni oraya as\u0131n&#8217; dedim. Bu ak\u015fam n\u00f6bet tutacaklar bakal\u0131m. Kim kesiyorsa bulaca\u011f\u0131z bu ak\u015fam merak etmeyin. Biz kimseninkini kesmiyoruz, herkes asacak karde\u015fim. Siz Yalova&#8217;y\u0131 sa\u011flam tutun. Ben yokum diye buralarda afi\u015f mafi\u015f kesiyorlar. Bu ne bi\u00e7im i\u015ftir. Her taraf\u0131 doldurmu\u015fsunuz afi\u015f. \u0130ki tane afi\u015f as\u0131yoruz kesiyorsunuz. Utanmadan kesiyorsunuz. Onlara talimat\u0131 veren, problem orada. Kim talimat\u0131 veriyor. B\u00f6yle bir rezillik \u015fu ana kadar, Yalova&#8217;da ben 30 y\u0131ld\u0131r siyasetle u\u011fra\u015f\u0131r\u0131m ilk kez b\u00f6ylesini g\u00f6r\u00fcyorum.&#8221;<\/span> <\/p>\n<p>&nbsp;<\/p>\n","protected":false},"excerpt":{"rendered":"<p>T\u00fcm T\u00fcrkiye \u00e7ap\u0131nda ger\u00e7ekle\u015ftirdi\u011fi mitinglerin ard\u0131ndan Yalova\u2019ya gelen CHP Yalova Milletvekili Muharrem \u0130nce, aya\u011f\u0131n\u0131n tozuyla y\u00fcr\u00fcy\u00fc\u015f d\u00fczenledi. \u0130nce, \u2018Hay\u0131r\u2019 afi\u015flerinin<\/p>\n","protected":false},"author":1,"featured_media":4785,"comment_status":"open","ping_status":"open","sticky":false,"template":"","format":"standard","meta":[],"categories":[1],"tags":[],"_links":{"self":[{"href":"http:\/\/www.mertcanpolat.com.tr\/dev\/wp-json\/wp\/v2\/posts\/4784"}],"collection":[{"href":"http:\/\/www.mertcanpolat.com.tr\/dev\/wp-json\/wp\/v2\/posts"}],"about":[{"href":"http:\/\/www.mertcanpolat.com.tr\/dev\/wp-json\/wp\/v2\/types\/post"}],"author":[{"embeddable":true,"href":"http:\/\/www.mertcanpolat.com.tr\/dev\/wp-json\/wp\/v2\/users\/1"}],"replies":[{"embeddable":true,"href":"http:\/\/www.mertcanpolat.com.tr\/dev\/wp-json\/wp\/v2\/comments?post=4784"}],"version-history":[{"count":0,"href":"http:\/\/www.mertcanpolat.com.tr\/dev\/wp-json\/wp\/v2\/posts\/4784\/revisions"}],"wp:featuredmedia":[{"embeddable":true,"href":"http:\/\/www.mertcanpolat.com.tr\/dev\/wp-json\/wp\/v2\/media\/4785"}],"wp:attachment":[{"href":"http:\/\/www.mertcanpolat.com.tr\/dev\/wp-json\/wp\/v2\/media?parent=4784"}],"wp:term":[{"taxonomy":"category","embeddable":true,"href":"http:\/\/www.mertcanpolat.com.tr\/dev\/wp-json\/wp\/v2\/categories?post=4784"},{"taxonomy":"post_tag","embeddable":true,"href":"http:\/\/www.mertcanpolat.com.tr\/dev\/wp-json\/wp\/v2\/tags?post=4784"}],"curies":[{"name":"wp","href":"https:\/\/api.w.org\/{rel}","templated":true}]}}