{"id":4780,"date":"2017-04-07T12:31:00","date_gmt":"2017-04-07T12:31:00","guid":{"rendered":"http:\/\/www.mertcanpolat.com.tr\/dev\/index.php\/2017\/04\/07\/aktif-hastanesine-gecmis-olsun\/"},"modified":"2017-04-07T12:31:00","modified_gmt":"2017-04-07T12:31:00","slug":"aktif-hastanesine-gecmis-olsun","status":"publish","type":"post","link":"http:\/\/www.mertcanpolat.com.tr\/dev\/aktif-hastanesine-gecmis-olsun\/","title":{"rendered":"AKT\u0130F HASTANES\u0130\u2019NE \u2018GE\u00c7M\u0130\u015e OLSUN\u2019"},"content":{"rendered":"<p><b>YTSO Y\u00f6netim Kurulu Ba\u015fkan\u0131 Tahsin Becan ve YTSO Meclis Ba\u015fkan\u0131 Cemil Demiry\u00fcrek, ge\u00e7ti\u011fimiz hafta yang\u0131n \u00e7\u0131kan Yalova Aktif Hastanesi\u2019ni ziyaret ederek ge\u00e7mi\u015f olsun dileklerini iletti.<\/b>   <\/p>\n<p> <span style=\"font-size:14px;\">Yanan hastanede incelemelerde bulunan YTSO Y\u00f6netim Kurulu Ba\u015fkan\u0131 Tahsin Becan ve YTSO Meclis Ba\u015fkan\u0131 Cemil Demiry\u00fcrek,&nbsp; Hastane Y\u00f6netim Kurulu Ba\u015fkan\u0131 Mustafa Y\u0131maz\u2019dan olayla ilgili bilgi ald\u0131. Y\u0131lmaz hastanenin fizik tedavi b\u00f6l\u00fcm\u00fcnde yatan ve psikolojik sorunlar\u0131 olan Cezayir as\u0131ll\u0131 bir hastan\u0131n 3\u2019\u00fcnc\u00fc kat\u0131n 308 numaral\u0131 odas\u0131nda kap\u0131y\u0131 kilitleyerek \u00e7\u0131kard\u0131\u011f\u0131 yang\u0131n\u0131n hastane personelinin ilk m\u00fcdahalesi ve itfaiye ekiplerinin k\u0131sa s\u00fcrede olaya intikal etmesiyle kontrol alt\u0131na al\u0131nd\u0131\u011f\u0131n\u0131, olayda herhangi bir can kayb\u0131n\u0131n ya\u015fanmad\u0131\u011f\u0131n\u0131 dile getirdi.<\/span> <\/p>\n<p> <span style=\"font-size:14px;\">YTSO Y\u00f6netim Kurulu Ba\u015fkan\u0131 Tahsin Becan, \u201c\u00c7\u0131kan yang\u0131nda can kayb\u0131 ya\u015fanmamas\u0131 bir nebze de olsa yanan y\u00fcre\u011fimizi serinletti. Oda olarak, ihtiya\u00e7 duydu\u011funuz her alanda destek vermeye haz\u0131r oldu\u011fumuzu vurgulamak isterim. Temennimiz, bir daha b\u00f6yle felaketlerin ya\u015fanmamas\u0131. Bir kez daha hastanede g\u00f6rev yapan arkada\u015flar\u0131m\u0131za ge\u00e7mi\u015f olsun dileklerimi iletiyorum\u201d dedi.<\/span> <\/p>\n","protected":false},"excerpt":{"rendered":"<p>YTSO Y\u00f6netim Kurulu Ba\u015fkan\u0131 Tahsin Becan ve YTSO Meclis Ba\u015fkan\u0131 Cemil Demiry\u00fcrek, ge\u00e7ti\u011fimiz hafta yang\u0131n \u00e7\u0131kan Yalova Aktif Hastanesi\u2019ni ziyaret<\/p>\n","protected":false},"author":1,"featured_media":4781,"comment_status":"open","ping_status":"open","sticky":false,"template":"","format":"standard","meta":[],"categories":[1],"tags":[],"_links":{"self":[{"href":"http:\/\/www.mertcanpolat.com.tr\/dev\/wp-json\/wp\/v2\/posts\/4780"}],"collection":[{"href":"http:\/\/www.mertcanpolat.com.tr\/dev\/wp-json\/wp\/v2\/posts"}],"about":[{"href":"http:\/\/www.mertcanpolat.com.tr\/dev\/wp-json\/wp\/v2\/types\/post"}],"author":[{"embeddable":true,"href":"http:\/\/www.mertcanpolat.com.tr\/dev\/wp-json\/wp\/v2\/users\/1"}],"replies":[{"embeddable":true,"href":"http:\/\/www.mertcanpolat.com.tr\/dev\/wp-json\/wp\/v2\/comments?post=4780"}],"version-history":[{"count":0,"href":"http:\/\/www.mertcanpolat.com.tr\/dev\/wp-json\/wp\/v2\/posts\/4780\/revisions"}],"wp:featuredmedia":[{"embeddable":true,"href":"http:\/\/www.mertcanpolat.com.tr\/dev\/wp-json\/wp\/v2\/media\/4781"}],"wp:attachment":[{"href":"http:\/\/www.mertcanpolat.com.tr\/dev\/wp-json\/wp\/v2\/media?parent=4780"}],"wp:term":[{"taxonomy":"category","embeddable":true,"href":"http:\/\/www.mertcanpolat.com.tr\/dev\/wp-json\/wp\/v2\/categories?post=4780"},{"taxonomy":"post_tag","embeddable":true,"href":"http:\/\/www.mertcanpolat.com.tr\/dev\/wp-json\/wp\/v2\/tags?post=4780"}],"curies":[{"name":"wp","href":"https:\/\/api.w.org\/{rel}","templated":true}]}}