{"id":4776,"date":"2017-04-07T12:39:00","date_gmt":"2017-04-07T12:39:00","guid":{"rendered":"http:\/\/www.mertcanpolat.com.tr\/dev\/index.php\/2017\/04\/07\/yalova-belediyesinden-musa-cenaze-araci\/"},"modified":"2017-04-07T12:39:00","modified_gmt":"2017-04-07T12:39:00","slug":"yalova-belediyesinden-musa-cenaze-araci","status":"publish","type":"post","link":"http:\/\/www.mertcanpolat.com.tr\/dev\/yalova-belediyesinden-musa-cenaze-araci\/","title":{"rendered":"YALOVA BELED\u0130YES\u0130\u2019NDEN MU\u015e\u2019A CENAZE ARACI"},"content":{"rendered":"<p><b>Yalova Belediyesi taraf\u0131ndan Mu\u015f\u2019un K\u0131rk\u00f6y Belde Belediyesi\u2019ne cenaze arac\u0131 hibe edildi. 2 bin n\u00fcfusu bulunan ve hi\u00e7 cenaze arac\u0131 olmayan K\u0131rk\u00f6y Belediyesi\u2019nin ihtiyac\u0131na Yalova Belediye Ba\u015fkan\u0131 Vefa Salman cevap verdi.<\/b>   <\/p>\n<p> <span style=\"font-size:14px;\">Ge\u00e7ti\u011fimiz g\u00fcnlerde Mu\u015f\u2019a ziyaretlerde bulunan merkezin yan\u0131 s\u0131ra il\u00e7e ve beldeleri de gezen Ba\u015fkan Vefa Salman, K\u0131rk\u00f6y\u2019e yapm\u0131\u015f oldu\u011fu ziyarette beldede cenaze arac\u0131 olmad\u0131\u011f\u0131n\u0131 \u00f6\u011frendi. Konuya hassasiyet g\u00f6steren Ba\u015fkan Salman, K\u0131rk\u00f6y\u2019\u00fcn eksikli\u011finin giderilmesi i\u00e7in \u00e7al\u0131\u015fma yapt\u0131. Yalova Belediyesi taraf\u0131ndan dizayn edilen ara\u00e7 K\u0131rk\u00f6y Belediyesi Muhasebe Sorumlusu Mehmet Bak\u0131r Karakaya\u2019ya teslim edildi.<img alt=\"\" src=\"http:\/\/ajansyalova.com\/Images\/Thumbs\/Editor\/6074-cenaze-araci-4.jpeg\" style=\"border-width: 2px; border-style: solid; margin: 2px; float: right; width: 600px; height: 400px;\" \/> <\/span> <\/p>\n<p> <span style=\"font-size:14px;\">\u201cCenaze hizmetleri benim en hassas oldu\u011fum konu\u201d diyen Ba\u015fkan Salman; \u201cYalova\u2019da bu konuda \u00f6nemli \u00e7al\u0131\u015fmalar yapt\u0131k. T\u00fcrkiye\u2019de \u00f6rnek g\u00f6sterilen hizmetlerimiz var. Mu\u015f\u2019a yapm\u0131\u015f oldu\u011fum ziyarette K\u0131rk\u00f6y Belediyesi\u2019nin b\u00f6yle bir ihtiyac\u0131n\u0131n oldu\u011funu \u00f6\u011frendi\u011fimde bunu gidermek i\u00e7in s\u00f6z verdim. Temin edilen arac\u0131 cenaze hizmetlerinde kullan\u0131lacak \u015fekilde dizayn ederek kendilerine teslim ettik. \u0130n\u015fallah oradaki vatanda\u015flar\u0131m\u0131z\u0131n bir ihtiyac\u0131n\u0131 giderdi\u011fimiz i\u00e7in onlar\u0131 mutlu edebilmi\u015fizdir\u201d dedi.&nbsp;&nbsp;<\/span> <\/p>\n","protected":false},"excerpt":{"rendered":"<p>Yalova Belediyesi taraf\u0131ndan Mu\u015f\u2019un K\u0131rk\u00f6y Belde Belediyesi\u2019ne cenaze arac\u0131 hibe edildi. 2 bin n\u00fcfusu bulunan ve hi\u00e7 cenaze arac\u0131 olmayan<\/p>\n","protected":false},"author":1,"featured_media":4777,"comment_status":"open","ping_status":"open","sticky":false,"template":"","format":"standard","meta":[],"categories":[1],"tags":[],"_links":{"self":[{"href":"http:\/\/www.mertcanpolat.com.tr\/dev\/wp-json\/wp\/v2\/posts\/4776"}],"collection":[{"href":"http:\/\/www.mertcanpolat.com.tr\/dev\/wp-json\/wp\/v2\/posts"}],"about":[{"href":"http:\/\/www.mertcanpolat.com.tr\/dev\/wp-json\/wp\/v2\/types\/post"}],"author":[{"embeddable":true,"href":"http:\/\/www.mertcanpolat.com.tr\/dev\/wp-json\/wp\/v2\/users\/1"}],"replies":[{"embeddable":true,"href":"http:\/\/www.mertcanpolat.com.tr\/dev\/wp-json\/wp\/v2\/comments?post=4776"}],"version-history":[{"count":0,"href":"http:\/\/www.mertcanpolat.com.tr\/dev\/wp-json\/wp\/v2\/posts\/4776\/revisions"}],"wp:featuredmedia":[{"embeddable":true,"href":"http:\/\/www.mertcanpolat.com.tr\/dev\/wp-json\/wp\/v2\/media\/4777"}],"wp:attachment":[{"href":"http:\/\/www.mertcanpolat.com.tr\/dev\/wp-json\/wp\/v2\/media?parent=4776"}],"wp:term":[{"taxonomy":"category","embeddable":true,"href":"http:\/\/www.mertcanpolat.com.tr\/dev\/wp-json\/wp\/v2\/categories?post=4776"},{"taxonomy":"post_tag","embeddable":true,"href":"http:\/\/www.mertcanpolat.com.tr\/dev\/wp-json\/wp\/v2\/tags?post=4776"}],"curies":[{"name":"wp","href":"https:\/\/api.w.org\/{rel}","templated":true}]}}