{"id":4774,"date":"2017-04-07T12:47:00","date_gmt":"2017-04-07T12:47:00","guid":{"rendered":"http:\/\/www.mertcanpolat.com.tr\/dev\/index.php\/2017\/04\/07\/sehitler-icin-fidan\/"},"modified":"2017-04-07T12:47:00","modified_gmt":"2017-04-07T12:47:00","slug":"sehitler-icin-fidan","status":"publish","type":"post","link":"http:\/\/www.mertcanpolat.com.tr\/dev\/sehitler-icin-fidan\/","title":{"rendered":"\u015eEH\u0130TLER \u0130\u00c7\u0130N F\u0130DAN"},"content":{"rendered":"<p><b>\u00c7anakkale Sava\u015f\u0131\u2019nda \u015fehit olan 250 bin askerin an\u0131s\u0131na \u201c250 bin \u015fehide 250 bin fidan\u201d projesiyle yola \u00e7\u0131kan Anadolu Gen\u00e7lik Derne\u011fi Yalova \u015eubesi fidan dikme etkinli\u011fi ger\u00e7ekle\u015ftirdi.<\/b>   <\/p>\n<p> <span style=\"font-size:14px;\">Anadolu Gen\u00e7lik Derne\u011fi Yalova \u015eubesi Ortaokullar Komisyonu taraf\u0131ndan ger\u00e7ekle\u015ftirilen etkinlikte ortaokullu 30 \u00f6\u011frenci Kurtk\u00f6y mevkiinde 30 fidan ekti.<\/span> <\/p>\n<p> <span style=\"font-size:14px;\">Konuyla ilgili olarak a\u00e7\u0131klama yapan Anadolu Gen\u00e7lik Derne\u011fi Yalova \u015eubesi Ortaokullar Komisyon Ba\u015fkan\u0131 Musab \u00c7ay, \u201c\u00c7anakkale\u2019de canlar\u0131 ve kanlar\u0131yla sava\u015fan dedelerimizin aziz an\u0131s\u0131na T\u00fcrkiye gelenilinde 250 bin fidan dikimi ger\u00e7ekle\u015ftirildi. Bu kapsamda bizde Yalova\u2019da ki Kurtk\u00f6y mevkiinde 30 fidan dikerek dedelerimizi ya\u015fatacak bir organizasyon yapmak istedik. \u00d6nce ahlak ve maneviyat\u0131 esas alan Anadolu Gen\u00e7lik Derne\u011fimiz b\u00fct\u00fcn \u00e7abalar\u0131yla ahlakl\u0131 bir neslin yeti\u015fmesi i\u00e7in can siperane \u00e7al\u0131\u015fmaktad\u0131r. \u00c7anakkale\u2019de her metrekarede 5 litre kan ve yine her metrekarede 6000 mermi kovan\u0131 vard\u0131r. Bu kadar zorluk ve imkans\u0131zl\u0131\u011fa ra\u011fmen bu cennet vatan\u0131 bizler arma\u011fan eden dedelerimizi ve ninelerimizin aziz hat\u0131ras\u0131na lay\u0131k olmasa da elimizden gelenin en iyisiyle kar\u015f\u0131l\u0131k vermek istedik. Bu minvalde ahlak ve maneviyat\u0131 \u00f6ne alan bu gen\u00e7lik dedelerimizin hat\u0131ras\u0131n\u0131 ya\u015fatacaklard\u0131r\u201d dedi<\/span> <\/p>\n<p>&nbsp;<\/p>\n","protected":false},"excerpt":{"rendered":"<p>\u00c7anakkale Sava\u015f\u0131\u2019nda \u015fehit olan 250 bin askerin an\u0131s\u0131na \u201c250 bin \u015fehide 250 bin fidan\u201d projesiyle yola \u00e7\u0131kan Anadolu Gen\u00e7lik Derne\u011fi<\/p>\n","protected":false},"author":1,"featured_media":4775,"comment_status":"open","ping_status":"open","sticky":false,"template":"","format":"standard","meta":[],"categories":[1],"tags":[],"_links":{"self":[{"href":"http:\/\/www.mertcanpolat.com.tr\/dev\/wp-json\/wp\/v2\/posts\/4774"}],"collection":[{"href":"http:\/\/www.mertcanpolat.com.tr\/dev\/wp-json\/wp\/v2\/posts"}],"about":[{"href":"http:\/\/www.mertcanpolat.com.tr\/dev\/wp-json\/wp\/v2\/types\/post"}],"author":[{"embeddable":true,"href":"http:\/\/www.mertcanpolat.com.tr\/dev\/wp-json\/wp\/v2\/users\/1"}],"replies":[{"embeddable":true,"href":"http:\/\/www.mertcanpolat.com.tr\/dev\/wp-json\/wp\/v2\/comments?post=4774"}],"version-history":[{"count":0,"href":"http:\/\/www.mertcanpolat.com.tr\/dev\/wp-json\/wp\/v2\/posts\/4774\/revisions"}],"wp:featuredmedia":[{"embeddable":true,"href":"http:\/\/www.mertcanpolat.com.tr\/dev\/wp-json\/wp\/v2\/media\/4775"}],"wp:attachment":[{"href":"http:\/\/www.mertcanpolat.com.tr\/dev\/wp-json\/wp\/v2\/media?parent=4774"}],"wp:term":[{"taxonomy":"category","embeddable":true,"href":"http:\/\/www.mertcanpolat.com.tr\/dev\/wp-json\/wp\/v2\/categories?post=4774"},{"taxonomy":"post_tag","embeddable":true,"href":"http:\/\/www.mertcanpolat.com.tr\/dev\/wp-json\/wp\/v2\/tags?post=4774"}],"curies":[{"name":"wp","href":"https:\/\/api.w.org\/{rel}","templated":true}]}}