{"id":4772,"date":"2017-04-11T11:09:00","date_gmt":"2017-04-11T11:09:00","guid":{"rendered":"http:\/\/www.mertcanpolat.com.tr\/dev\/index.php\/2017\/04\/11\/ikna-turlari-suruyor\/"},"modified":"2017-04-11T11:09:00","modified_gmt":"2017-04-11T11:09:00","slug":"ikna-turlari-suruyor","status":"publish","type":"post","link":"http:\/\/www.mertcanpolat.com.tr\/dev\/ikna-turlari-suruyor\/","title":{"rendered":"\u0130KNA TURLARI S\u00dcR\u00dcYOR"},"content":{"rendered":"<p><b>AK Parti Yalova \u0130l Ba\u015fkan\u0131 Yusuf Ziya \u00d6ztabak, 16 Nisan\u2019da ger\u00e7ekle\u015ftirilecek Cumhurba\u015fkanl\u0131\u011f\u0131 H\u00fck\u00fcmet Sistemi Halk Oylamas\u0131 kapsam\u0131nda se\u00e7im \u00e7al\u0131\u015fmalar\u0131na t\u00fcm h\u0131z\u0131yla devam ettiklerini ifade ederek, Yalova\u2019n\u0131n d\u00f6rt bir taraf\u0131nda se\u00e7im kampanyalar\u0131n\u0131 s\u00fcrd\u00fcrd\u00fcklerini dile getirdi.<\/b>   <\/p>\n<p> <span style=\"font-size:14px;\">Ak Parti Te\u015fkilat\u0131 olarak t\u00fcm kadrolar\u0131n Yalova\u2019da etkin bir \u00e7al\u0131\u015fma sergiledi\u011fini ifade eden Ba\u015fkan \u00d6ztabak, mahalle&nbsp; ziyaretleri, esnaf ziyaretleri, gerekse kurum ziyaretleri ger\u00e7ekle\u015ftirdiklerini ve neden \u2018Evet\u2019 denilmesi gerekti\u011fini anlatt\u0131klar\u0131n\u0131 s\u00f6yledi. \u00d6ztabak, bu anlamda Se\u00e7im Koordinasyon Merkezinin g\u00fcnl\u00fck programlar\u0131 kapsam\u0131nda haftan\u0131n her g\u00fcn\u00fc yo\u011fun bir \u015fekilde \u00e7al\u0131\u015fmalar\u0131n\u0131 s\u00fcrd\u00fcrd\u00fcklerini ifade etti.<\/span> <\/p>\n<p> <span style=\"font-size:14px;\">Yalova\u2019da Ba\u015fbakan Binali Y\u0131ld\u0131r\u0131m ve bir\u00e7ok bakan\u0131 a\u011f\u0131rlad\u0131klar\u0131n\u0131 s\u00f6zlerine ekleyen Ba\u015fkan \u00d6ztabak, Yalova halk\u0131na AK Parti h\u00fck\u00fcmeti olarak bir\u00e7ok yat\u0131r\u0131m s\u00f6z\u00fc verildi\u011fini ve hizmetlerin her anlamda devam edece\u011fini s\u00f6yledi.<img alt=\"\" src=\"http:\/\/ajansyalova.com\/Images\/Thumbs\/Editor\/6077-ak-parti-evet-icin-ikna-turlarina-devam-ediyor-15.jpeg\" style=\"border-width: 2px; border-style: solid; margin: 2px; float: right; width: 750px; height: 226px;\" \/> <\/span> <\/p>\n<p> <span style=\"font-size:14px;\">Vatanda\u015flara 18 maddeden olu\u015fan anayasa paket de\u011fi\u015fikli\u011fini anlatt\u0131klar\u0131n\u0131 s\u00f6yleyen Ba\u015fkan \u00d6ztabak, \u201cKal\u0131c\u0131 istikrar\u0131n sa\u011flanmas\u0131 i\u00e7in se\u00e7imden mutlaka tek ba\u015f\u0131na iktidar \u00e7\u0131kacak. 2023 hedefleri ivme kazanacak, h\u0131zl\u0131 ve etkili y\u00f6netim, ekonomik b\u00fcy\u00fcme, refah ve kalk\u0131nman\u0131n garantisi olacakt\u0131r. Yeni sistemle birlikte h\u0131zl\u0131 karar alan, h\u0131zl\u0131 icraat ve reform yapan, etkin bir y\u00f6netim modeli olu\u015facak. Vatanda\u015flar\u0131n ihtiya\u00e7lar\u0131n\u0131 kar\u015f\u0131layan, geli\u015fmelere ayak uyduran, kurumlar\u0131n h\u0131zl\u0131 \u00e7al\u0131\u015fmalar\u0131n\u0131 sa\u011flayan bir i\u015fleyi\u015f hakim olacak. B\u00fcrokrasi azalacak, b\u00fcy\u00fcme h\u0131zlanacak. G\u00fc\u00e7l\u00fc yasama, g\u00fc\u00e7l\u00fc icraat ile vesayet sistemi tamamen tasfiye edilecek. Yasama ve y\u00fcr\u00fctme g\u00fc\u00e7lenecek, devletin ger\u00e7ek sahibi millet olacak. Y\u00f6netimde \u00e7ift ba\u015fl\u0131l\u0131k ortadan kalkacak. G\u00fcvenli ve huzurlu bir T\u00fcrkiye i\u00e7in, G\u00fc\u00e7l\u00fc meclis ile g\u00fc\u00e7l\u00fc temsilin olu\u015faca\u011f\u0131na dikkat \u00e7ekerek birlik ve uzla\u015fma i\u00e7erisinde Cumhurba\u015fkan\u0131 y\u00fczde 50\u2019nin \u00fczerinde bir oy ile do\u011frudan halk taraf\u0131ndan se\u00e7ilecek.\u201d dedi.<\/span> <\/p>\n<p> <span style=\"font-size:14px;\">Ba\u015fkan \u00d6ztabak, \u201c16 Nisan\u2019daki halk oylamas\u0131na say\u0131l\u0131 g\u00fcnler kald\u0131. Yalova\u2019da en y\u00fcksek evet oyunun \u00e7\u0131kmas\u0131 i\u00e7in \u00e7al\u0131\u015fmalar\u0131m\u0131z kesintisiz bir \u015fekilde devam ediyor. Yaloval\u0131 hem\u015ferilerimizin de halk oylamas\u0131nda en y\u00fcksek deste\u011fi verece\u011finden \u015f\u00fcphemiz yoktur\u201d \u015feklinde konu\u015ftu.<\/span> <\/p>\n<p>&nbsp;<\/p>\n","protected":false},"excerpt":{"rendered":"<p>AK Parti Yalova \u0130l Ba\u015fkan\u0131 Yusuf Ziya \u00d6ztabak, 16 Nisan\u2019da ger\u00e7ekle\u015ftirilecek Cumhurba\u015fkanl\u0131\u011f\u0131 H\u00fck\u00fcmet Sistemi Halk Oylamas\u0131 kapsam\u0131nda se\u00e7im \u00e7al\u0131\u015fmalar\u0131na t\u00fcm<\/p>\n","protected":false},"author":1,"featured_media":4773,"comment_status":"open","ping_status":"open","sticky":false,"template":"","format":"standard","meta":[],"categories":[1],"tags":[],"_links":{"self":[{"href":"http:\/\/www.mertcanpolat.com.tr\/dev\/wp-json\/wp\/v2\/posts\/4772"}],"collection":[{"href":"http:\/\/www.mertcanpolat.com.tr\/dev\/wp-json\/wp\/v2\/posts"}],"about":[{"href":"http:\/\/www.mertcanpolat.com.tr\/dev\/wp-json\/wp\/v2\/types\/post"}],"author":[{"embeddable":true,"href":"http:\/\/www.mertcanpolat.com.tr\/dev\/wp-json\/wp\/v2\/users\/1"}],"replies":[{"embeddable":true,"href":"http:\/\/www.mertcanpolat.com.tr\/dev\/wp-json\/wp\/v2\/comments?post=4772"}],"version-history":[{"count":0,"href":"http:\/\/www.mertcanpolat.com.tr\/dev\/wp-json\/wp\/v2\/posts\/4772\/revisions"}],"wp:featuredmedia":[{"embeddable":true,"href":"http:\/\/www.mertcanpolat.com.tr\/dev\/wp-json\/wp\/v2\/media\/4773"}],"wp:attachment":[{"href":"http:\/\/www.mertcanpolat.com.tr\/dev\/wp-json\/wp\/v2\/media?parent=4772"}],"wp:term":[{"taxonomy":"category","embeddable":true,"href":"http:\/\/www.mertcanpolat.com.tr\/dev\/wp-json\/wp\/v2\/categories?post=4772"},{"taxonomy":"post_tag","embeddable":true,"href":"http:\/\/www.mertcanpolat.com.tr\/dev\/wp-json\/wp\/v2\/tags?post=4772"}],"curies":[{"name":"wp","href":"https:\/\/api.w.org\/{rel}","templated":true}]}}