{"id":4766,"date":"2017-04-11T12:09:00","date_gmt":"2017-04-11T12:09:00","guid":{"rendered":"http:\/\/www.mertcanpolat.com.tr\/dev\/index.php\/2017\/04\/11\/ciftlikkoyde-polis-haftasi-kutlandi\/"},"modified":"2017-04-11T12:09:00","modified_gmt":"2017-04-11T12:09:00","slug":"ciftlikkoyde-polis-haftasi-kutlandi","status":"publish","type":"post","link":"http:\/\/www.mertcanpolat.com.tr\/dev\/ciftlikkoyde-polis-haftasi-kutlandi\/","title":{"rendered":"\u00c7\u0130FTL\u0130KK\u00d6Y\u2019DE POL\u0130S HAFTASI KUTLANDI"},"content":{"rendered":"<p><b>T\u00fcrk Polis Te\u015fkilat\u0131\u2019n\u0131n kurulu\u015funun 172\u2019inci y\u0131ld\u00f6n\u00fcm\u00fc ve 10 Nisan Polis Haftas\u0131 \u00c7iftlikk\u00f6y\u2019de kutland\u0131.<\/b>   <\/p>\n<p> <span style=\"font-size:14px;\">23 Nisan Meydan\u0131\u2019nda ger\u00e7ekle\u015fen t\u00f6rene \u00c7iftlikk\u00f6y Kaymakam\u0131 Cengiz Karabulut, \u00c7iftlikk\u00f6y Belediye Ba\u015fkan\u0131 Ali Murat Silpagar ve \u0130l\u00e7e Emniyet M\u00fcd\u00fcr\u00fc Zafer Din\u00e7\u2019in yan\u0131 s\u0131ra il\u00e7e protokol\u00fc ve il\u00e7e emniyet te\u015fkilat\u0131 mensuplar\u0131 kat\u0131ld\u0131.<\/span> <\/p>\n<p> <span style=\"font-size:14px;\">Polis Te\u015fkilat\u0131 ad\u0131na Atat\u00fcrk An\u0131t\u0131\u2019na \u00e7elenk koyan \u0130l\u00e7e Emniyet M\u00fcd\u00fcr\u00fc Zafer Din\u00e7,&nbsp; yapt\u0131\u011f\u0131 konu\u015fmada, \u201c\u00c7a\u011fda\u015f T\u00fcrkiye Cumhuriyeti devletine yak\u0131\u015fan, insan haklar\u0131na sayg\u0131l\u0131, demokratik de\u011ferlerine ba\u011fl\u0131, i\u00e7inde ya\u015fad\u0131\u011f\u0131 toplumun sevincini ve kederini payla\u015fan, g\u00fcc\u00fcn\u00fc vatanda\u015flar\u0131n huzurundan alan k\u00f6kl\u00fc bir ge\u00e7mi\u015fe sahiptir. \u00dclkemizin ve il\u00e7emizin huzur ve g\u00fcvenli\u011finin sa\u011flanmas\u0131nda \u00fczerimize d\u00fc\u015fen t\u00fcm sorumluluklar\u0131 g\u00fclery\u00fczle, objektif, yard\u0131msever, d\u00fcr\u00fcst ve \u00f6zverili g\u00f6rev anlay\u0131\u015f\u0131 ile yerine getirerek halk\u0131m\u0131z\u0131n sevgi, g\u00fcven ve deste\u011fini almaktay\u0131z. Vatanda\u015fa hizmeti kutsal bilen polisimiz her an g\u00f6rev ba\u015f\u0131ndad\u0131r\u201d dedi.&nbsp; &nbsp;<\/span> <\/p>\n<p>&nbsp;<\/p>\n","protected":false},"excerpt":{"rendered":"<p>T\u00fcrk Polis Te\u015fkilat\u0131\u2019n\u0131n kurulu\u015funun 172\u2019inci y\u0131ld\u00f6n\u00fcm\u00fc ve 10 Nisan Polis Haftas\u0131 \u00c7iftlikk\u00f6y\u2019de kutland\u0131. 23 Nisan Meydan\u0131\u2019nda ger\u00e7ekle\u015fen t\u00f6rene \u00c7iftlikk\u00f6y Kaymakam\u0131<\/p>\n","protected":false},"author":1,"featured_media":4767,"comment_status":"open","ping_status":"open","sticky":false,"template":"","format":"standard","meta":[],"categories":[1],"tags":[],"_links":{"self":[{"href":"http:\/\/www.mertcanpolat.com.tr\/dev\/wp-json\/wp\/v2\/posts\/4766"}],"collection":[{"href":"http:\/\/www.mertcanpolat.com.tr\/dev\/wp-json\/wp\/v2\/posts"}],"about":[{"href":"http:\/\/www.mertcanpolat.com.tr\/dev\/wp-json\/wp\/v2\/types\/post"}],"author":[{"embeddable":true,"href":"http:\/\/www.mertcanpolat.com.tr\/dev\/wp-json\/wp\/v2\/users\/1"}],"replies":[{"embeddable":true,"href":"http:\/\/www.mertcanpolat.com.tr\/dev\/wp-json\/wp\/v2\/comments?post=4766"}],"version-history":[{"count":0,"href":"http:\/\/www.mertcanpolat.com.tr\/dev\/wp-json\/wp\/v2\/posts\/4766\/revisions"}],"wp:featuredmedia":[{"embeddable":true,"href":"http:\/\/www.mertcanpolat.com.tr\/dev\/wp-json\/wp\/v2\/media\/4767"}],"wp:attachment":[{"href":"http:\/\/www.mertcanpolat.com.tr\/dev\/wp-json\/wp\/v2\/media?parent=4766"}],"wp:term":[{"taxonomy":"category","embeddable":true,"href":"http:\/\/www.mertcanpolat.com.tr\/dev\/wp-json\/wp\/v2\/categories?post=4766"},{"taxonomy":"post_tag","embeddable":true,"href":"http:\/\/www.mertcanpolat.com.tr\/dev\/wp-json\/wp\/v2\/tags?post=4766"}],"curies":[{"name":"wp","href":"https:\/\/api.w.org\/{rel}","templated":true}]}}