{"id":4764,"date":"2017-04-11T12:18:00","date_gmt":"2017-04-11T12:18:00","guid":{"rendered":"http:\/\/www.mertcanpolat.com.tr\/dev\/index.php\/2017\/04\/11\/sener-madde-madde-anlatti\/"},"modified":"2017-04-11T12:18:00","modified_gmt":"2017-04-11T12:18:00","slug":"sener-madde-madde-anlatti","status":"publish","type":"post","link":"http:\/\/www.mertcanpolat.com.tr\/dev\/sener-madde-madde-anlatti\/","title":{"rendered":"\u015eENER, MADDE MADDE ANLATTI"},"content":{"rendered":"<p><b>\u200bCumhuriyet Halk Partisi Merkez \u0130l\u00e7e Ba\u015fkan\u0131 Ertan \u015eener 16 Nisan&#39;da yap\u0131lacak anayasa referandumu \u00f6ncesinde de\u011fi\u015fiklikleri madde madde anlatarak, &#8220;Referandumdan Hay\u0131r \u00e7\u0131kmazsa bunun faturas\u0131n\u0131 80 milyon hep birlikte \u00f6deriz&#8221; uyar\u0131s\u0131nda bulundu.<\/b>   <\/p>\n<p> <span style=\"font-size:14px;\">&#8220;Bu anayasa de\u011fi\u015fikli\u011fi madem bu kadar \u00f6nemli neden halka anlatm\u0131yorlar? Madem bu de\u011fi\u015fikliklerle ekonomi d\u00fczelecek, ter\u00f6r bitecek, \u00fclke d\u00fcze \u00e7\u0131kacak d\u00fczenlemelerin y\u00fcr\u00fcrl\u00fc\u011fe girmesi i\u00e7in neden 2019&#8217;u bekliyorlar&#8221; diye soran CHP Merkez \u0130l\u00e7e Ba\u015fkan\u0131 \u015eener &#8220;Yang\u0131ndan mal m\u0131 ka\u00e7\u0131r\u0131yorlar?&#8221; diyerek \u2018evet\u2019 cephesini ele\u015ftirdi.<\/span> <\/p>\n<p> <span style=\"font-size:14px;\">2010 referandumunda da paketin do\u011fru olmad\u0131\u011f\u0131n\u0131 yarg\u0131 sistemine dokunulmamas\u0131 gerekti\u011fine dikkat \u00e7ektiklerini hat\u0131rlatan \u015eener &#8220;O zaman Ramazan ay\u0131nda oru\u00e7lu oru\u00e7lu, yak\u0131c\u0131 s\u0131cakta kap\u0131 kap\u0131 dola\u015f\u0131p neden hay\u0131r denmesini gerekti\u011fini anlatt\u0131k. Onlar ise &#8216;Mezardakiler bile \u00e7\u0131k\u0131p oy versin&#8217; demi\u015flerdi. 2010&#8217;dan sonra d\u00fczeltiyoruz diyerek yarg\u0131 sistemiyle oynad\u0131lar. &#8216;Askeri vesayeti kald\u0131raca\u011f\u0131z bu \u00fclkede bir daha darbe olmayacak&#8217; dediler. T\u00fcm uyar\u0131lar\u0131m\u0131za ra\u011fmen geldi\u011fimiz noktada g\u00f6r\u00fcyoruz ki her zaman ki gibi biz hakl\u0131 \u00e7\u0131kt\u0131k. O tarihten sonra Fetocular ele ge\u00e7irdikleri t\u00fcm kurumlarda hain planlar\u0131n\u0131 bir bir hayata ge\u00e7irmeye ba\u015flad\u0131lar ve en sonunda da 15 Temmuz da bir darbe giri\u015fimi daha ya\u015fad\u0131k. \u015eimdi biz yine hay\u0131r diyoruz onlar yine evet diyorlar. \u00dclkemizin demokratik k\u00fclt\u00fcr\u00fcn\u00fc bir kenara at\u0131p, tek adaml\u0131k sistemini getirmeye \u00e7al\u0131\u015f\u0131yorlar. Halk 16 Nisan&#8217;da hay\u0131r diyecek ve bu oyunu bu sefer bozacak&#8221; dedi.<\/span> <\/p>\n<p> <span style=\"font-size:14px;\">Anayasada yap\u0131lacak de\u011fi\u015fikliklerin CHP&#8217;den ba\u015fka hi\u00e7 kimsenin halka anlatmad\u0131\u011f\u0131na bunun yerine yalanlarla, iftiralarla ve karalamalarla yapay g\u00fcndemler olu\u015fturdu\u011funa dikkat \u00e7eken \u015eener, madde madde anayasa de\u011fi\u015fikli\u011fini anlatt\u0131.<\/span> <\/p>\n<p> <span style=\"font-size:14px;\">\u015eener, \u00e7\u0131kar\u0131lacak anayasa de\u011fi\u015fikli\u011fiyle ilgili \u015funlar\u0131 s\u00f6yledi:<\/span> <\/p>\n<p> <span style=\"font-size:14px;\">&#8220;Mahkemelerle ilgili anayasa maddesine tarafs\u0131z ibaresi ekleniyor. Oysa mahkemeler cumhuriyetten yana demokrasiden yana hakl\u0131dan yana taraft\u0131r. Zaten fazla olan milletvekili say\u0131s\u0131 550&#8217;den 600&#8217;e \u00e7\u0131kart\u0131l\u0131yor. Milletvekili se\u00e7ilme ya\u015f\u0131 18 e indiriliyor. TBMM&#8217;nin bakanlar\u0131 denetleme yetkisi ile yasaman\u0131n y\u00fcr\u00fctmeyi denetlemesine imkan sa\u011flayan gen soru ve s\u00f6zl\u00fc soru \u00f6nergesi kald\u0131r\u0131l\u0131yor.<\/span> <\/p>\n<p> <span style=\"font-size:14px;\">Cumhurba\u015fkan\u0131n\u0131n tarafs\u0131zl\u0131\u011f\u0131 kald\u0131r\u0131l\u0131yor. Cumhurba\u015fkan\u0131na parti genel ba\u015fkan\u0131 olabilme imkan\u0131 getiriliyor. Cumhurba\u015fkan\u0131na kararname \u00e7\u0131kararak kanun gibi d\u00fczenleme yapma imkan\u0131 getiriliyor. Cumhurba\u015fkan\u0131na, ba\u015fkan yard\u0131mc\u0131l\u0131\u011f\u0131 ve bakanlar\u0131 do\u011frudan atama ve g\u00f6revden alma yetkisi veriliyor. \u00dcst kademe kamu y\u00f6neticilerinin atama ve g\u00f6revine son verme yetkisi verilen Cumhurba\u015fkan\u0131, bunlar\u0131n atama usul ve esaslar\u0131n\u0131 kararname ile d\u00fczenleme yetkisine eri\u015fiyor. Milli g\u00fcvenlik politikalar\u0131n\u0131 belirleme ve gerekli tedbirleri alma konusunda tek yetkili hale getiriliyor.<\/span> <\/p>\n<p> <span style=\"font-size:14px;\">Cumhurba\u015fkan\u0131 yarg\u0131lanabilmesi zorla\u015ft\u0131r\u0131l\u0131yor. Yarg\u0131 yolunun a\u00e7\u0131labilmesi i\u00e7in edilebilmesi zor bir meclis \u00e7o\u011funlu\u011fu \u015fart\u0131 getiriliyor. Ayn\u0131 koruma g\u00f6rev s\u00fcresi sona erdikten sonrada devam ediyor. Bu da yetmezmi\u015f gibi hakk\u0131nda meclis soru\u015fturmas\u0131 a\u00e7\u0131lmak istenen cumhurba\u015fkan\u0131 bu soru\u015fturma a\u00e7\u0131l\u0131ncaya kadar ge\u00e7en s\u00fcrede isterse hi\u00e7 bir neden g\u00f6stermeden TBMM&#8217;yi fesih edebiliyor.<\/span> <\/p>\n<p> <span style=\"font-size:14px;\">Cumhurba\u015fkan\u0131na diledi\u011fi kadar ba\u015fkan yard\u0131mc\u0131s\u0131 ve bakan atama yetkisi veriliyor. Bu yard\u0131mc\u0131lar ve bakanlar sadece cumhurba\u015fkan\u0131na kar\u015f\u0131 sorumlu oluyorlar. Cumhurba\u015fkan\u0131 yoklu\u011funda \u00fclkeyi se\u00e7imle gelmemi\u015f bir ki\u015fi olan yard\u0131mc\u0131s\u0131 y\u00f6netiyor ve onun b\u00fct\u00fcn yetkilerini kullanabiliyor. \u00dcstelik bunun bir s\u00fcresi ve k\u0131s\u0131tlamas\u0131 da yok. \u00d6rne\u011fin cumhurba\u015fkan\u0131 bitkisel hayata girdi\u011finde onun yerine vekalet eden yard\u0131mc\u0131s\u0131n\u0131n bu durumda ne yapmas\u0131 gerekti\u011fine dair bir d\u00fczenleme metinde bulunmuyor. Yard\u0131mc\u0131lar\u0131 ve bakanlar milletvekilleri aras\u0131ndan atan\u0131rsa milletvekillikleri sona eriyor. Cumhurba\u015fkan\u0131 yard\u0131mc\u0131lar\u0131 ve bakanlar\u0131n g\u00f6revleri ile ilgili su\u00e7lar\u0131ndan dolay\u0131 yarg\u0131lanabilmeleri t\u0131pk\u0131 cumhurba\u015fkan\u0131nda oldu\u011fu gibi zorla\u015ft\u0131r\u0131l\u0131yor ve bu koruma \u00f6m\u00fcr boyu s\u00fcr\u00fcyor.<\/span> <\/p>\n<p> <span style=\"font-size:14px;\">Cumhurba\u015fkan\u0131na kararname \u00e7\u0131kararak yeni bakanl\u0131klar\u0131n kurulmas\u0131, kald\u0131r\u0131lmas\u0131 g\u00f6rev ve yetkilerini, merkez ve ta\u015fra \u00f6rg\u00fctlerinin nas\u0131l kurulaca\u011f\u0131n\u0131 ve hangi yetkilere sahip olacaklar\u0131n\u0131, \u00f6zetle merkezi idarenin nas\u0131l \u015fekillenece\u011fine tek ba\u015f\u0131na karar verip istedi\u011fi gibi d\u00fczenleme yapma yetkisi veriliyor. Bu \u015fekilde b\u00f6lgesel y\u00f6netimleri kurabilmesinin de \u00f6n\u00fc a\u00e7\u0131l\u0131yor.<\/span> <\/p>\n<p> <span style=\"font-size:14px;\">Cumhurba\u015fkan\u0131na tek ba\u015f\u0131na hi\u00e7bir gerek\u00e7e g\u00f6stermeden milletin y\u00fczde y\u00fcz iradesinin yans\u0131mas\u0131yla se\u00e7ilmi\u015f TBMM&#8217;yi fesih yetkisi veriliyor. Peki nerede kald\u0131 dillerine dolad\u0131klar\u0131 milli iradeye sayg\u0131? Buna kar\u015f\u0131l\u0131k TBMM&#8217;ne 3\/5 \u00e7o\u011funlukla erken se\u00e7im karar\u0131 alma yetkisi veriliyor. Fesih karar\u0131n\u0131 kim al\u0131rsa als\u0131n cumhurba\u015fkanl\u0131\u011f\u0131 ve TBMM se\u00e7imi birlikte tekrarlan\u0131yor.<\/span> <\/p>\n<p> <span style=\"font-size:14px;\">Ola\u011fan \u00fcst\u00fc hal, s\u0131k\u0131 y\u00f6netim, seferberlik ve sava\u015f hali tek bir ad alt\u0131nda toplan\u0131p ola\u011fan \u00fcst\u00fc hal ilan edebilme yetkisi cumhurba\u015fkan\u0131na veriliyor. Ola\u011fan \u00fcst\u00fc hal s\u00fcresince cumhurba\u015fkan\u0131 hi\u00e7 bir s\u0131n\u0131rlamaya tabi olmadan temel hak ve \u00f6zg\u00fcrl\u00fckler, ki\u015fi hak ve \u00f6zg\u00fcrl\u00fckler ile siyasi hak ve \u00f6devlere ili\u015fkin b\u00fct\u00fcn alanlarda kararname ile d\u00fczenleme yapabiliyor.<\/span> <\/p>\n<p> <span style=\"font-size:14px;\">Yap\u0131lacak d\u00fczenleme ile kuvvetler ayr\u0131l\u0131\u011f\u0131 ortadan kald\u0131r\u0131yor. Y\u00fcr\u00fctme hem yarg\u0131 hem de yasama \u00fczerinde, bask\u0131 unsuru haline getiriliyor. Cumhurba\u015fkan\u0131 15 \u00fcyeli anayasa mahkemesinin 12 \u00fcyesini se\u00e7ebiliyor. Yarg\u0131tay cumhuriyet Ba\u015fsavc\u0131s\u0131 ve ba\u015fsavc\u0131 vekilini se\u00e7en cumhurba\u015fkan\u0131 Dan\u0131\u015ftay \u00fcyelerinin 1\/4 n\u00fc se\u00e7iyor. Dan\u0131\u015ftay&#8217;\u0131n kalan \u00fcyeleri ile Yarg\u0131tay \u00fcyelerini ise kontrol edebilece\u011fi HSK eliyle se\u00e7ebilecek. Ayr\u0131ca HSK eliyle b\u00fct\u00fcn yarg\u0131 \u00f6rg\u00fct\u00fc \u00fczerinde etkili olabilecek.<\/span> <\/p>\n<p> <span style=\"font-size:14px;\">22 as\u0131l 12 yedek \u00fcyeden olu\u015fan Hakimler ve Savc\u0131lar Y\u00fcksek Kurulu (HSYK), ad\u0131 da de\u011fi\u015ftirilerek HSK yap\u0131l\u0131yor ve \u00fcye say\u0131s\u0131 13&#8217;e indiriliyor. Bu \u00fcyelerin 6&#8217;s\u0131n\u0131 cumhurba\u015fkan\u0131 at\u0131yor. Kalan 7&#8217;sini TBMM se\u00e7iyor. Sistem cumhurba\u015fkan\u0131n\u0131n partisinin TBMM&#8217;n in \u00e7o\u011funlu\u011funu almas\u0131 \u00fczerine kurguland\u0131\u011f\u0131ndan kalan bu \u00fcyelerde ba\u015fkan\u0131n arzusu \u00fczerine se\u00e7ilecektir.<\/span> <\/p>\n<p> <span style=\"font-size:14px;\">TBMM&#8217;nin en \u00f6nemli hakk\u0131 ve denetim arac\u0131 olan b\u00fct\u00e7e yapma yetkisi fiilen elinden al\u0131n\u0131yor. B\u00fct\u00e7e kanunu kabul edilmezse bir \u00f6nceki y\u0131l\u0131n b\u00fct\u00e7esinin yeniden de\u011ferleme oran\u0131nda artt\u0131r\u0131larak uygulanaca\u011f\u0131 d\u00fczenleniyor. Bunun hi\u00e7bir s\u0131n\u0131r\u0131 olmad\u0131\u011f\u0131 gibi cumhurba\u015fkan\u0131na yeni b\u00fct\u00e7e yap\u0131lmadan \u00fclkeyi y\u00f6netebilme imkan\u0131 tan\u0131n\u0131yor.&#8221;<\/span> <\/p>\n<p>&nbsp;<\/p>\n","protected":false},"excerpt":{"rendered":"<p>\u200bCumhuriyet Halk Partisi Merkez \u0130l\u00e7e Ba\u015fkan\u0131 Ertan \u015eener 16 Nisan&#39;da yap\u0131lacak anayasa referandumu \u00f6ncesinde de\u011fi\u015fiklikleri madde madde anlatarak, &#8220;Referandumdan Hay\u0131r<\/p>\n","protected":false},"author":1,"featured_media":4765,"comment_status":"open","ping_status":"open","sticky":false,"template":"","format":"standard","meta":[],"categories":[1],"tags":[],"_links":{"self":[{"href":"http:\/\/www.mertcanpolat.com.tr\/dev\/wp-json\/wp\/v2\/posts\/4764"}],"collection":[{"href":"http:\/\/www.mertcanpolat.com.tr\/dev\/wp-json\/wp\/v2\/posts"}],"about":[{"href":"http:\/\/www.mertcanpolat.com.tr\/dev\/wp-json\/wp\/v2\/types\/post"}],"author":[{"embeddable":true,"href":"http:\/\/www.mertcanpolat.com.tr\/dev\/wp-json\/wp\/v2\/users\/1"}],"replies":[{"embeddable":true,"href":"http:\/\/www.mertcanpolat.com.tr\/dev\/wp-json\/wp\/v2\/comments?post=4764"}],"version-history":[{"count":0,"href":"http:\/\/www.mertcanpolat.com.tr\/dev\/wp-json\/wp\/v2\/posts\/4764\/revisions"}],"wp:featuredmedia":[{"embeddable":true,"href":"http:\/\/www.mertcanpolat.com.tr\/dev\/wp-json\/wp\/v2\/media\/4765"}],"wp:attachment":[{"href":"http:\/\/www.mertcanpolat.com.tr\/dev\/wp-json\/wp\/v2\/media?parent=4764"}],"wp:term":[{"taxonomy":"category","embeddable":true,"href":"http:\/\/www.mertcanpolat.com.tr\/dev\/wp-json\/wp\/v2\/categories?post=4764"},{"taxonomy":"post_tag","embeddable":true,"href":"http:\/\/www.mertcanpolat.com.tr\/dev\/wp-json\/wp\/v2\/tags?post=4764"}],"curies":[{"name":"wp","href":"https:\/\/api.w.org\/{rel}","templated":true}]}}