{"id":4760,"date":"2017-04-11T14:16:00","date_gmt":"2017-04-11T14:16:00","guid":{"rendered":"http:\/\/www.mertcanpolat.com.tr\/dev\/index.php\/2017\/04\/11\/genc-guresci-bolge-2-si\/"},"modified":"2017-04-11T14:16:00","modified_gmt":"2017-04-11T14:16:00","slug":"genc-guresci-bolge-2-si","status":"publish","type":"post","link":"http:\/\/www.mertcanpolat.com.tr\/dev\/genc-guresci-bolge-2-si\/","title":{"rendered":"GEN\u00c7 G\u00dcRE\u015e\u00c7\u0130 B\u00d6LGE 2.S\u0130"},"content":{"rendered":"<p><b>\u00c7iftlikk\u00f6y Belediyespor\u2019un gen\u00e7 g\u00fcre\u015f\u00e7isi Kadir Kaplan, \u00c7anakkale\u2019de yap\u0131lan Gen\u00e7ler B\u00f6lge \u015eampiyonas\u0131\u2019nda 120 kg. grekoromen stilinde b\u00f6lge ikincisi olarak ad\u0131n\u0131 finallere yazd\u0131rd\u0131.<\/b>   <\/p>\n<p> <span style=\"font-size:14px;\">Gen\u00e7lik ve Spor Bakanl\u0131\u011f\u0131 ile T\u00fcrkiye G\u00fcre\u015f Federasyonu taraf\u0131ndan organize edilen Okullararas\u0131 17-18 Ya\u015f Gen\u00e7ler Grekoromen G\u00fcre\u015f Grup m\u00fcsabakalar\u0131 \u00c7anakkale Anafartalar Spor salonunda yap\u0131ld\u0131. Grup m\u00fcsabakalar\u0131nda \u00c7iftlikk\u00f6y Belediyespor G\u00fcre\u015f Tak\u0131m\u0131 Antren\u00f6r\u00fc Nurettin Aras\u2019\u0131n \u00e7al\u0131\u015ft\u0131rd\u0131\u011f\u0131 gen\u00e7 g\u00fcre\u015f\u00e7i, 3 galibiyet 1 yenilgi ile s\u0131kletinde ikincili\u011fi elde etti. Kaplan b\u00f6ylece Ayd\u0131n\u2019da yap\u0131lacak Okullararas\u0131 T\u00fcrkiye \u015eampiyonas\u0131na kat\u0131lma hakk\u0131 elde etti.<\/span> <\/p>\n<p> <span style=\"font-size:14px;\">G\u00fcm\u00fc\u015f madalyayla turnuvay\u0131 tamamlayan g\u00fcre\u015f\u00e7i Kaplan, \u00c7iftlikk\u00f6y Belediye Ba\u015fkan\u0131 Ali Murat Silpagar\u2019\u0131, Belediyespor G\u00fcre\u015f Tak\u0131m\u0131 Antren\u00f6r\u00fc Nurettin Aras\u2019la birlikte ziyaret ederek ba\u015far\u0131s\u0131n\u0131 payla\u015ft\u0131.<\/span> <\/p>\n<p> <span style=\"font-size:14px;\">G\u00fcre\u015f tak\u0131m\u0131 antren\u00f6r\u00fc Nurettin Aras&#8217;la birlikte Ba\u015fkan Silpagar\u2019\u0131 ziyaret eden Kadir Kaplan\u2019a ba\u015far\u0131 dileklerini ileten \u00c7iftlikk\u00f6y Belediye Ba\u015fkan\u0131 Ali Murat Silpagar, \u201c\u00c7iftlikk\u00f6y\u00fcm\u00fcz\u00fcn sporcular\u0131 ba\u015far\u0131lar\u0131yla bizleri gururland\u0131r\u0131yor. Final grubu kar\u015f\u0131la\u015fmalar\u0131nda minderde gen\u00e7 g\u00fcre\u015f\u00e7imize ba\u015far\u0131lar diliyorum\u201d diye konu\u015ftu.<\/span> <\/p>\n<p>&nbsp;<\/p>\n<p>&nbsp;<\/p>\n","protected":false},"excerpt":{"rendered":"<p>\u00c7iftlikk\u00f6y Belediyespor\u2019un gen\u00e7 g\u00fcre\u015f\u00e7isi Kadir Kaplan, \u00c7anakkale\u2019de yap\u0131lan Gen\u00e7ler B\u00f6lge \u015eampiyonas\u0131\u2019nda 120 kg. grekoromen stilinde b\u00f6lge ikincisi olarak ad\u0131n\u0131 finallere<\/p>\n","protected":false},"author":1,"featured_media":4761,"comment_status":"open","ping_status":"open","sticky":false,"template":"","format":"standard","meta":[],"categories":[1],"tags":[],"_links":{"self":[{"href":"http:\/\/www.mertcanpolat.com.tr\/dev\/wp-json\/wp\/v2\/posts\/4760"}],"collection":[{"href":"http:\/\/www.mertcanpolat.com.tr\/dev\/wp-json\/wp\/v2\/posts"}],"about":[{"href":"http:\/\/www.mertcanpolat.com.tr\/dev\/wp-json\/wp\/v2\/types\/post"}],"author":[{"embeddable":true,"href":"http:\/\/www.mertcanpolat.com.tr\/dev\/wp-json\/wp\/v2\/users\/1"}],"replies":[{"embeddable":true,"href":"http:\/\/www.mertcanpolat.com.tr\/dev\/wp-json\/wp\/v2\/comments?post=4760"}],"version-history":[{"count":0,"href":"http:\/\/www.mertcanpolat.com.tr\/dev\/wp-json\/wp\/v2\/posts\/4760\/revisions"}],"wp:featuredmedia":[{"embeddable":true,"href":"http:\/\/www.mertcanpolat.com.tr\/dev\/wp-json\/wp\/v2\/media\/4761"}],"wp:attachment":[{"href":"http:\/\/www.mertcanpolat.com.tr\/dev\/wp-json\/wp\/v2\/media?parent=4760"}],"wp:term":[{"taxonomy":"category","embeddable":true,"href":"http:\/\/www.mertcanpolat.com.tr\/dev\/wp-json\/wp\/v2\/categories?post=4760"},{"taxonomy":"post_tag","embeddable":true,"href":"http:\/\/www.mertcanpolat.com.tr\/dev\/wp-json\/wp\/v2\/tags?post=4760"}],"curies":[{"name":"wp","href":"https:\/\/api.w.org\/{rel}","templated":true}]}}