{"id":4758,"date":"2017-04-11T14:23:00","date_gmt":"2017-04-11T14:23:00","guid":{"rendered":"http:\/\/www.mertcanpolat.com.tr\/dev\/index.php\/2017\/04\/11\/gunhan-inalciktan-anlamli-ziyaret\/"},"modified":"2017-04-11T14:23:00","modified_gmt":"2017-04-11T14:23:00","slug":"gunhan-inalciktan-anlamli-ziyaret","status":"publish","type":"post","link":"http:\/\/www.mertcanpolat.com.tr\/dev\/gunhan-inalciktan-anlamli-ziyaret\/","title":{"rendered":"G\u00dcNHAN \u0130NALCIK\u2019TAN ANLAMLI Z\u0130YARET"},"content":{"rendered":"<p><b>Temmuz 2016\u2019da vefat eden Prof. Dr. Halil \u0130nalc\u0131k\u2019\u0131n k\u0131z\u0131 G\u00fcnhan \u0130nalc\u0131k, Yalova Belediye Ba\u015fkan\u0131 Vefa Salman\u2019\u0131 makam\u0131nda ziyaret etti. G\u00fcnhan \u0130nalc\u0131k, yenilenen k\u00fclt\u00fcr merkezine babas\u0131n\u0131n ismi verildi\u011fi i\u00e7in Ba\u015fkan Salman\u2019a te\u015fekk\u00fcr etti.<\/b>   <\/p>\n<p> <span style=\"font-size:14px;\">Osmanl\u0131-T\u00fcrk tarihi hakk\u0131nda yapt\u0131\u011f\u0131 \u00e7al\u0131\u015fmalarla d\u00fcnyan\u0131n say\u0131l\u0131 tarih\u00e7ilerinden bir olan Prof. Dr. Halil \u0130nalc\u0131k\u2019\u0131n k\u0131z\u0131 G\u00fcnhan \u0130nalc\u0131k Yalova\u2019ya gelerek Yalova Belediye Ba\u015fkan\u0131 Vefa Salman\u2019\u0131 ve babas\u0131n\u0131n ad\u0131n\u0131n verildi\u011fi k\u00fclt\u00fcr merkezini ziyaret etti.<\/span> <\/p>\n<p> <span style=\"font-size:14px;\">Ge\u00e7ti\u011fimiz aylarda restore edilerek hizmete a\u00e7\u0131lan k\u00fclt\u00fcr merkezine Ba\u015fkan Salman; \u201cHalil \u0130nalc\u0131k sadece d\u00fcnya tarih\u00e7ileri aras\u0131nda ve \u00fclkemiz i\u00e7in de\u011fil ayn\u0131 zamanda Yalova\u2019m\u0131z a\u00e7\u0131s\u0131ndan da \u00e7ok \u00f6nemli ve \u00f6zel birisidir. Bu nedenle ad\u0131n\u0131 ilimizde ya\u015fatmak istedik\u201d diyerek k\u00fclt\u00fcr merkezinin ad\u0131n\u0131 Halil \u0130nalc\u0131k K\u00fclt\u00fcr Merkezi yapm\u0131\u015ft\u0131. Halil \u0130nalc\u0131k K\u00fclt\u00fcr Merkezi\u2019ni ziyaret eden G\u00fcnhan \u0130nalc\u0131k da yap\u0131lan bu anlaml\u0131 jest i\u00e7in Ba\u015fkan Salman\u2019a te\u015fekk\u00fcr etti.&nbsp;<\/span> <\/p>\n<p> <span style=\"font-size:14px;\"> <strong>\u201cBizim \u0130\u00e7in Ger\u00e7ek Bir Yaloval\u0131yd\u0131\u201d<\/strong> <\/span> <\/p>\n<p> <span style=\"font-size:14px;\">G\u00fcnhan \u0130nalc\u0131k\u2019\u0131 makam\u0131nda a\u011f\u0131rlayan Ba\u015fkan Salman, \u201cAhde vefay\u0131 \u00e7ok \u00f6nemseyen bir y\u00f6netim anlay\u0131\u015f\u0131m\u0131z var. Bu duyarl\u0131l\u0131\u011f\u0131 \u00f6ncelikle Yaloval\u0131lar olarak bizim g\u00f6stermemiz gerekti\u011fini d\u00fc\u015f\u00fcnd\u00fck ve Hocam\u0131z\u0131n ad\u0131n\u0131n onun ya\u015fam\u0131yla da uyumlu olacak \u015fekilde bir k\u00fclt\u00fcr merkezinde ya\u015fat\u0131lmas\u0131n\u0131n uygun olaca\u011f\u0131na karar verdik. Onun \u00fcretkenli\u011fi bizlere \u00f6rnek oldu.&nbsp; 72 kitab\u0131n\u0131n \u00e7o\u011funu 80 ya\u015f\u0131ndan sonra yazm\u0131\u015f bir bilgeydi. \u015eeyh\u00fcl M\u00fcverrihin, Tarih\u00e7ilerin Kutbu gibi \u00fcnvanlar\u0131 fazlas\u0131yla hak etmi\u015fti. Bizlere tarihimizi en iyi \u015fekilde anlatt\u0131. Yalova\u2019n\u0131n da tarihteki \u00f6nemine yapt\u0131\u011f\u0131 vurgu da bizler i\u00e7in \u00e7ok k\u0131ymetli. Ka\u011f\u0131t \u00fczerinde fahri hem\u015fehrimizdi ama bizim i\u00e7in ger\u00e7ek bir Yaloval\u0131yd\u0131\u201d dedi.<\/span> <\/p>\n<p> <span style=\"font-size:14px;\">G\u00f6r\u00fc\u015fme sonras\u0131nda Ba\u015fkan Salman, G\u00fcnhan \u0130nalc\u0131k\u2019a kahve fincan tak\u0131m\u0131 hediye etti. G\u00fcnhan \u0130nalc\u0131k da babas\u0131n\u0131n imzalanm\u0131\u015f bir\u00e7ok kitab\u0131n\u0131 Ba\u015fkan Salman\u2019a hediye etti.<\/span> <\/p>\n","protected":false},"excerpt":{"rendered":"<p>Temmuz 2016\u2019da vefat eden Prof. Dr. Halil \u0130nalc\u0131k\u2019\u0131n k\u0131z\u0131 G\u00fcnhan \u0130nalc\u0131k, Yalova Belediye Ba\u015fkan\u0131 Vefa Salman\u2019\u0131 makam\u0131nda ziyaret etti. G\u00fcnhan<\/p>\n","protected":false},"author":1,"featured_media":4759,"comment_status":"open","ping_status":"open","sticky":false,"template":"","format":"standard","meta":[],"categories":[1],"tags":[],"_links":{"self":[{"href":"http:\/\/www.mertcanpolat.com.tr\/dev\/wp-json\/wp\/v2\/posts\/4758"}],"collection":[{"href":"http:\/\/www.mertcanpolat.com.tr\/dev\/wp-json\/wp\/v2\/posts"}],"about":[{"href":"http:\/\/www.mertcanpolat.com.tr\/dev\/wp-json\/wp\/v2\/types\/post"}],"author":[{"embeddable":true,"href":"http:\/\/www.mertcanpolat.com.tr\/dev\/wp-json\/wp\/v2\/users\/1"}],"replies":[{"embeddable":true,"href":"http:\/\/www.mertcanpolat.com.tr\/dev\/wp-json\/wp\/v2\/comments?post=4758"}],"version-history":[{"count":0,"href":"http:\/\/www.mertcanpolat.com.tr\/dev\/wp-json\/wp\/v2\/posts\/4758\/revisions"}],"wp:featuredmedia":[{"embeddable":true,"href":"http:\/\/www.mertcanpolat.com.tr\/dev\/wp-json\/wp\/v2\/media\/4759"}],"wp:attachment":[{"href":"http:\/\/www.mertcanpolat.com.tr\/dev\/wp-json\/wp\/v2\/media?parent=4758"}],"wp:term":[{"taxonomy":"category","embeddable":true,"href":"http:\/\/www.mertcanpolat.com.tr\/dev\/wp-json\/wp\/v2\/categories?post=4758"},{"taxonomy":"post_tag","embeddable":true,"href":"http:\/\/www.mertcanpolat.com.tr\/dev\/wp-json\/wp\/v2\/tags?post=4758"}],"curies":[{"name":"wp","href":"https:\/\/api.w.org\/{rel}","templated":true}]}}