{"id":4756,"date":"2017-04-11T17:31:00","date_gmt":"2017-04-11T17:31:00","guid":{"rendered":"http:\/\/www.mertcanpolat.com.tr\/dev\/index.php\/2017\/04\/11\/inceden-goruntulu-cevap\/"},"modified":"2017-04-11T17:31:00","modified_gmt":"2017-04-11T17:31:00","slug":"inceden-goruntulu-cevap","status":"publish","type":"post","link":"http:\/\/www.mertcanpolat.com.tr\/dev\/inceden-goruntulu-cevap\/","title":{"rendered":"\u0130NCE&#39;DEN G\u00d6R\u00dcNT\u00dcL\u00dc CEVAP"},"content":{"rendered":"<p><b>CHP Yalova Milletvekili Muharrem \u0130nce, ge\u00e7ti\u011fimiz hafta &#39;hay\u0131r&#39; pankartlar\u0131n\u0131n y\u0131rt\u0131lmas\u0131na ili\u015fkin\u00a0AK Parti Yalova Milletvekili Fikri Demirel&#39;in yapt\u0131\u011f\u0131 &#39;r\u00fczgar yapm\u0131\u015f&#39; a\u00e7\u0131klamas\u0131na g\u00f6r\u00fcnt\u00fcyle yan\u0131t verdi.\u00a0<\/b>   <\/p>\n<p>Ge\u00e7en hafta CHP Milletvekili Muharrem \u0130nce taraf\u0131ndan dile getirilen pankartlar\u0131n indirilmesi tart\u0131\u015fmas\u0131&nbsp;AK Parti Yalova Milletvekili Fikri Demirel&#8217;in a\u00e7\u0131klamas\u0131yla yeniden alevlendi. \u0130nce&#8217;nin \u201cAfi\u015fleri kestiler. Gen\u00e7lere talimat verdim. Kimsenin can\u0131n\u0131 yakmay\u0131n dedim. Sadece, afi\u015f yerine keseni oraya as\u0131n dedim\u201d a\u00e7\u0131klamalar\u0131 sorulan AK Parti Yalova Milletvekili Fikri Demirel, &#8220;Bizim arkada\u015flar\u0131m\u0131z hi\u00e7bir se\u00e7imde hi\u00e7bir partinin bayra\u011f\u0131n\u0131 koparacak kadar basit \u015feylere tenezz\u00fcl etmez. Biz de buna f\u0131rsat vermeyiz. Ben arkada\u015flar\u0131ma da \u2018b\u00f6yle bir \u015fey var m\u0131&#8217; diye sordum. Sonradan \u00f6\u011frendik ki bunu r\u00fczg\u00e2r yapm\u0131\u015f. Tabii do\u011fru bir laf de\u011fil. Ben bu durumu onun \u015f\u0131mar\u0131kl\u0131\u011f\u0131na veriyorum&#8221; cevab\u0131n\u0131 verdi.<\/p>\n<p>Demirel&#8217;in bu a\u00e7\u0131klamalar\u0131na \u0130nce, sosyal medya hesab\u0131ndan g\u00f6r\u00fcnt\u00fcyle yan\u0131t verdi. \u0130nce, Twitter hesab\u0131nda &#8216;hay\u0131r; pankartlar\u0131n\u0131n baz\u0131 ki\u015filerce indirildi\u011fi g\u00f6r\u00fcnt\u00fcleri payla\u015farak &#8220;Troller karga, AKP Yalova Milletvekili r\u00fczgar diyor! Yalova&#8217;da Hay\u0131r pankartlar\u0131n\u0131 kesen vandallar\u0131 nas\u0131l savunacaklar\u0131n\u0131 \u015fa\u015f\u0131rd\u0131lar:)&#8221; dedi.<\/p>\n<p>&nbsp;<\/p>\n<blockquote class=\"twitter-tweet\" data-lang=\"tr\">\n<p dir=\"ltr\" lang=\"tr\">Troller karga, AKP Yalova Milletvekili r\u00fczgar diyor! Yalova&#8217;da Hay\u0131r pankartlar\u0131n\u0131 kesen vandallar\u0131 nas\u0131l savunacaklar\u0131n\u0131 \u015fa\u015f\u0131rd\u0131lar:) <a href=\"https:\/\/t.co\/yuRwJWZmkb\">pic.twitter.com\/yuRwJWZmkb<\/a> <\/p>\n<p> \u2014 Muharrem \u0130NCE (@vekilince) <a href=\"https:\/\/twitter.com\/vekilince\/status\/851778899172360192\">11 Nisan 2017<\/a> <\/p><\/blockquote>\n<p> <script async src=\"\/\/platform.twitter.com\/widgets.js\" charset=\"utf-8\"> <\/script> <\/p>\n<blockquote class=\"twitter-tweet\" data-lang=\"tr\">\n<p dir=\"ltr\" lang=\"tr\">Yanda\u015flar Hay\u0131r pankart\u0131 kesen vandallar\u0131 aklamaya \u00e7al\u0131\u015f\u0131yor,a\u011fac\u0131n arkas\u0131na ge\u00e7ip afi\u015fi katlayan korkaklar karga m\u0131:) buna kargalar g\u00fcler! <a href=\"https:\/\/t.co\/4nS3JvFfSq\">pic.twitter.com\/4nS3JvFfSq<\/a> <\/p>\n<p> \u2014 Muharrem \u0130NCE (@vekilince) <a href=\"https:\/\/twitter.com\/vekilince\/status\/851433023757266944\">10 Nisan 2017<\/a> <\/p><\/blockquote>\n<p> <script async src=\"\/\/platform.twitter.com\/widgets.js\" charset=\"utf-8\"> <\/script> <\/p>\n","protected":false},"excerpt":{"rendered":"<p>CHP Yalova Milletvekili Muharrem \u0130nce, ge\u00e7ti\u011fimiz hafta &#39;hay\u0131r&#39; pankartlar\u0131n\u0131n y\u0131rt\u0131lmas\u0131na ili\u015fkin\u00a0AK Parti Yalova Milletvekili Fikri Demirel&#39;in yapt\u0131\u011f\u0131 &#39;r\u00fczgar yapm\u0131\u015f&#39; a\u00e7\u0131klamas\u0131na<\/p>\n","protected":false},"author":1,"featured_media":4757,"comment_status":"open","ping_status":"open","sticky":false,"template":"","format":"standard","meta":[],"categories":[1],"tags":[],"_links":{"self":[{"href":"http:\/\/www.mertcanpolat.com.tr\/dev\/wp-json\/wp\/v2\/posts\/4756"}],"collection":[{"href":"http:\/\/www.mertcanpolat.com.tr\/dev\/wp-json\/wp\/v2\/posts"}],"about":[{"href":"http:\/\/www.mertcanpolat.com.tr\/dev\/wp-json\/wp\/v2\/types\/post"}],"author":[{"embeddable":true,"href":"http:\/\/www.mertcanpolat.com.tr\/dev\/wp-json\/wp\/v2\/users\/1"}],"replies":[{"embeddable":true,"href":"http:\/\/www.mertcanpolat.com.tr\/dev\/wp-json\/wp\/v2\/comments?post=4756"}],"version-history":[{"count":0,"href":"http:\/\/www.mertcanpolat.com.tr\/dev\/wp-json\/wp\/v2\/posts\/4756\/revisions"}],"wp:featuredmedia":[{"embeddable":true,"href":"http:\/\/www.mertcanpolat.com.tr\/dev\/wp-json\/wp\/v2\/media\/4757"}],"wp:attachment":[{"href":"http:\/\/www.mertcanpolat.com.tr\/dev\/wp-json\/wp\/v2\/media?parent=4756"}],"wp:term":[{"taxonomy":"category","embeddable":true,"href":"http:\/\/www.mertcanpolat.com.tr\/dev\/wp-json\/wp\/v2\/categories?post=4756"},{"taxonomy":"post_tag","embeddable":true,"href":"http:\/\/www.mertcanpolat.com.tr\/dev\/wp-json\/wp\/v2\/tags?post=4756"}],"curies":[{"name":"wp","href":"https:\/\/api.w.org\/{rel}","templated":true}]}}