{"id":4754,"date":"2017-04-19T18:13:00","date_gmt":"2017-04-19T18:13:00","guid":{"rendered":"http:\/\/www.mertcanpolat.com.tr\/dev\/index.php\/2017\/04\/19\/merkez-hayir-dedi\/"},"modified":"2017-04-19T18:13:00","modified_gmt":"2017-04-19T18:13:00","slug":"merkez-hayir-dedi","status":"publish","type":"post","link":"http:\/\/www.mertcanpolat.com.tr\/dev\/merkez-hayir-dedi\/","title":{"rendered":"MERKEZ, \u2018HAYIR\u2019 DED\u0130"},"content":{"rendered":"<p><b>16 Nisan\u2019da yap\u0131lan anayasa de\u011fi\u015fikli\u011fi referandumunda Yalova Merkez \u0130l\u00e7e\u2019den \u2018Hay\u0131r\u2019 \u00e7\u0131kt\u0131. \u0130\u015fte mahalle mahalle Yalova Merkez\u2019den referandum sonu\u00e7lar\u0131\u2026<\/b>   <\/p>\n<p> <span style=\"font-size:14px;\"> <img alt=\"\" src=\"http:\/\/ajansyalova.com\/Images\/Thumbs\/Editor\/6087-yalovamerkezsecimsonuclari.jpeg\" style=\"border-width: 2px; border-style: solid; margin: 2px; float: left; width: 582px; height: 942px;\" \/>81 bin 634 ki\u015finin oy kulland\u0131\u011f\u0131 Yalova Merkez \u0130l\u00e7e\u2019de referanduma kat\u0131l\u0131m oran\u0131 y\u00fczde 85,10 oldu. 41 bin 286 ki\u015fi anayasa de\u011fi\u015fikli\u011fine \u2018Hay\u0131r\u2019 oyu verirken y\u00fczdelik oran\u0131 51,42 oldu. 39 bin 3 ki\u015fi ise tercihini \u2018Evet\u2019ten yana kulland\u0131. \u2018Evet\u2019 oylar\u0131n\u0131n y\u00fczdelik oran\u0131 da y\u00fczde 48,48 olarak belirlendi.<\/span> <\/p>\n<p> <span style=\"font-size:14px;\">Yalova Merkez\u2019de en y\u00fcksek \u2018Hay\u0131r\u2019 oyu Bah\u00e7elievler Mahallesi\u2019nden \u00e7\u0131kt\u0131. Bah\u00e7elievler sakinleri anayasa de\u011fi\u015fikli\u011fine y\u00fczde 66,43 oran\u0131nda \u2018Hay\u0131r\u2019 dedi. En y\u00fcksek \u2018Evet\u2019 oyunu ise Mustafa Kemal Pa\u015fa Mahallesi y\u00fczde 61,64\u2019le verdi. Referandumda \u00f6zellikle merkez mahallelerinin bir \u00e7o\u011funun &#8216;Hay\u0131r&#8217;dan yana tercihini kullanmas\u0131 dikkat \u00e7ekti.&nbsp;<\/span> <\/p>\n<p> <span style=\"font-size:14px;\">K\u00f6ylerde en y\u00fcksek \u2018Hay\u0131r\u2019 oyu ise y\u00fczde 68,56 ile Kaz\u0131miye K\u00f6y\u00fc\u2019nden geldi. Kurtk\u00f6y ise referandum de\u011fi\u015fikli\u011fine y\u00fczde 82,79 oranda destek verdi.<\/span> <\/p>\n<p> <span style=\"font-size:14px;\">Merkeze ba\u011fl\u0131 Kad\u0131k\u00f6y beldesinde ise \u00d6zden Mahallesi sakinlerinin oylar\u0131yla \u2018Hay\u0131r\u2019 oylar\u0131 \u00f6nde \u00e7\u0131kt\u0131.<\/span> <\/p>\n","protected":false},"excerpt":{"rendered":"<p>16 Nisan\u2019da yap\u0131lan anayasa de\u011fi\u015fikli\u011fi referandumunda Yalova Merkez \u0130l\u00e7e\u2019den \u2018Hay\u0131r\u2019 \u00e7\u0131kt\u0131. \u0130\u015fte mahalle mahalle Yalova Merkez\u2019den referandum sonu\u00e7lar\u0131\u2026 81 bin<\/p>\n","protected":false},"author":1,"featured_media":4755,"comment_status":"open","ping_status":"open","sticky":false,"template":"","format":"standard","meta":[],"categories":[1],"tags":[],"_links":{"self":[{"href":"http:\/\/www.mertcanpolat.com.tr\/dev\/wp-json\/wp\/v2\/posts\/4754"}],"collection":[{"href":"http:\/\/www.mertcanpolat.com.tr\/dev\/wp-json\/wp\/v2\/posts"}],"about":[{"href":"http:\/\/www.mertcanpolat.com.tr\/dev\/wp-json\/wp\/v2\/types\/post"}],"author":[{"embeddable":true,"href":"http:\/\/www.mertcanpolat.com.tr\/dev\/wp-json\/wp\/v2\/users\/1"}],"replies":[{"embeddable":true,"href":"http:\/\/www.mertcanpolat.com.tr\/dev\/wp-json\/wp\/v2\/comments?post=4754"}],"version-history":[{"count":0,"href":"http:\/\/www.mertcanpolat.com.tr\/dev\/wp-json\/wp\/v2\/posts\/4754\/revisions"}],"wp:featuredmedia":[{"embeddable":true,"href":"http:\/\/www.mertcanpolat.com.tr\/dev\/wp-json\/wp\/v2\/media\/4755"}],"wp:attachment":[{"href":"http:\/\/www.mertcanpolat.com.tr\/dev\/wp-json\/wp\/v2\/media?parent=4754"}],"wp:term":[{"taxonomy":"category","embeddable":true,"href":"http:\/\/www.mertcanpolat.com.tr\/dev\/wp-json\/wp\/v2\/categories?post=4754"},{"taxonomy":"post_tag","embeddable":true,"href":"http:\/\/www.mertcanpolat.com.tr\/dev\/wp-json\/wp\/v2\/tags?post=4754"}],"curies":[{"name":"wp","href":"https:\/\/api.w.org\/{rel}","templated":true}]}}