{"id":4742,"date":"2017-04-21T13:58:00","date_gmt":"2017-04-21T13:58:00","guid":{"rendered":"http:\/\/www.mertcanpolat.com.tr\/dev\/index.php\/2017\/04\/21\/egitim-yaz-boz-tahtasi\/"},"modified":"2017-04-21T13:58:00","modified_gmt":"2017-04-21T13:58:00","slug":"egitim-yaz-boz-tahtasi","status":"publish","type":"post","link":"http:\/\/www.mertcanpolat.com.tr\/dev\/egitim-yaz-boz-tahtasi\/","title":{"rendered":"E\u011e\u0130T\u0130M YAZ BOZ TAHTASI"},"content":{"rendered":"<p><b>CHP Yalova \u0130l Ba\u015fkan\u0131 \u00d6zcan \u00d6zel, 23 Nisan Ulusal Egemenlik ve \u00c7ocuk Bayram\u0131 nedeniyle yapt\u0131\u011f\u0131 a\u00e7\u0131klamada, T\u00fcrkiye\u2019de \u00e7ocuklar\u0131n hayat\u0131ndan memnun olmad\u0131\u011f\u0131n\u0131, bunun da en b\u00fcy\u00fck sebebinini e\u011fitimin yaz boz tahtas\u0131na \u00e7evrilmesi oldu\u011funu s\u00f6yledi.<\/b>   <\/p>\n<p> <span style=\"font-size:14px;\">\u00d6zel, yay\u0131nlad\u0131\u011f\u0131 mesajda OECD \u00fcyesi \u00fclkeler aras\u0131nda yap\u0131lan ara\u015ft\u0131rmada T\u00fcrkiye\u2019de 15 ya\u015f d\u00fczeyindeki \u00f6\u011frencilerin 28.6\u2019s\u0131n\u0131n hayat\u0131ndan hi\u00e7 memnun olmad\u0131\u011f\u0131n\u0131 s\u00f6yledi. Bu oran\u0131n OECD ortalamas\u0131n\u0131n neredeyse \u00fc\u00e7 kat\u0131 oldu\u011funa dikkat \u00e7eken \u00d6zel, \u201cBu da e\u011fitimi yaz-boz tahtas\u0131 haline getiren 15 y\u0131ll\u0131k iktidar\u0131n becerisidir. Ve sonu\u00e7lar \u00e7ocuklar\u0131m\u0131z\u0131n geleceklerinin hi\u00e7 de parlak olmayaca\u011f\u0131n\u0131n birer ipu\u00e7lar\u0131n\u0131 vermektedir. \u00dclkemizin yar\u0131nlar\u0131n\u0131 emanet edece\u011fimiz \u00e7ocuklar\u0131m\u0131za b\u00f6yle mi sahip \u00e7\u0131kaca\u011f\u0131z? \u00dcstelik son yap\u0131lan yeni anayasa referandumu sonucunda yavrular\u0131m\u0131z\u0131n gelece\u011fi daha da karart\u0131lma noktas\u0131na \u00e7ekilmektedir.&nbsp; 21. y\u00fczy\u0131lda ya\u015f\u0131yoruz, emanetimiz olan \u00e7ocuklar\u0131m\u0131z\u0131 gelece\u011fini ne olaca\u011f\u0131 bilinmeyen bir ba\u015fkanl\u0131k ser\u00fcveninin i\u00e7ine att\u0131k. Onlara b\u00fcy\u00fck de\u011fer veren parlamenter sistemi baz\u0131lar\u0131n\u0131n emelleri u\u011fruna yok ettik. Yar\u0131dan bir fazlas\u0131n\u0131n oylar\u0131yla y\u0131llarca me\u015fruiyetinin sorgulanaca\u011f\u0131 bir anayasa ile ya\u015fama zorlama noktas\u0131na soktuk. Buna hakk\u0131m\u0131z yoktu\u201d dedi.<\/span> <\/p>\n<p>&nbsp;<\/p>\n<p>&nbsp;<\/p>\n<p>&nbsp;<\/p>\n<p>&nbsp;<\/p>\n<p>&nbsp;<\/p>\n","protected":false},"excerpt":{"rendered":"<p>CHP Yalova \u0130l Ba\u015fkan\u0131 \u00d6zcan \u00d6zel, 23 Nisan Ulusal Egemenlik ve \u00c7ocuk Bayram\u0131 nedeniyle yapt\u0131\u011f\u0131 a\u00e7\u0131klamada, T\u00fcrkiye\u2019de \u00e7ocuklar\u0131n hayat\u0131ndan memnun<\/p>\n","protected":false},"author":1,"featured_media":4743,"comment_status":"open","ping_status":"open","sticky":false,"template":"","format":"standard","meta":[],"categories":[1],"tags":[],"_links":{"self":[{"href":"http:\/\/www.mertcanpolat.com.tr\/dev\/wp-json\/wp\/v2\/posts\/4742"}],"collection":[{"href":"http:\/\/www.mertcanpolat.com.tr\/dev\/wp-json\/wp\/v2\/posts"}],"about":[{"href":"http:\/\/www.mertcanpolat.com.tr\/dev\/wp-json\/wp\/v2\/types\/post"}],"author":[{"embeddable":true,"href":"http:\/\/www.mertcanpolat.com.tr\/dev\/wp-json\/wp\/v2\/users\/1"}],"replies":[{"embeddable":true,"href":"http:\/\/www.mertcanpolat.com.tr\/dev\/wp-json\/wp\/v2\/comments?post=4742"}],"version-history":[{"count":0,"href":"http:\/\/www.mertcanpolat.com.tr\/dev\/wp-json\/wp\/v2\/posts\/4742\/revisions"}],"wp:featuredmedia":[{"embeddable":true,"href":"http:\/\/www.mertcanpolat.com.tr\/dev\/wp-json\/wp\/v2\/media\/4743"}],"wp:attachment":[{"href":"http:\/\/www.mertcanpolat.com.tr\/dev\/wp-json\/wp\/v2\/media?parent=4742"}],"wp:term":[{"taxonomy":"category","embeddable":true,"href":"http:\/\/www.mertcanpolat.com.tr\/dev\/wp-json\/wp\/v2\/categories?post=4742"},{"taxonomy":"post_tag","embeddable":true,"href":"http:\/\/www.mertcanpolat.com.tr\/dev\/wp-json\/wp\/v2\/tags?post=4742"}],"curies":[{"name":"wp","href":"https:\/\/api.w.org\/{rel}","templated":true}]}}