{"id":4740,"date":"2017-04-21T14:06:00","date_gmt":"2017-04-21T14:06:00","guid":{"rendered":"http:\/\/www.mertcanpolat.com.tr\/dev\/index.php\/2017\/04\/21\/komsu-ulke-cocuklari-yalovada\/"},"modified":"2017-04-21T14:06:00","modified_gmt":"2017-04-21T14:06:00","slug":"komsu-ulke-cocuklari-yalovada","status":"publish","type":"post","link":"http:\/\/www.mertcanpolat.com.tr\/dev\/komsu-ulke-cocuklari-yalovada\/","title":{"rendered":"KOM\u015eU \u00dcLKE \u00c7OCUKLARI YALOVA&#39;DA"},"content":{"rendered":"<p><b>23 Nisan Ulusal Egemenlik ve \u00c7ocuk Bayram\u0131 kapsam\u0131nda kom\u015fu \u00fclkelerin \u00e7ocuklar\u0131, d\u00fczenlenecek kutlamalara kat\u0131lmak amac\u0131yla Yalova\u2019ya geldi. Yalova Belediyesi\u2019nin organize etti\u011fi kutlamalar \u00f6ncesinde ilk olarak Yalova Valili\u011fi ard\u0131ndan Yalova Belediyesi ziyaret edildi.\u00a0\u00a0<\/b>   <\/p>\n<p> <span style=\"font-size:14px;\">Yalova Valisi Tu\u011fba Y\u0131lmaz\u2019a ger\u00e7ekle\u015ftirilen ziyarette Yalova Belediye Ba\u015fkan Yard\u0131mc\u0131s\u0131 J\u00fclide G\u00fcner de haz\u0131r bulundu. Kentimize gelen t\u00fcm \u00e7ocuklara ho\u015f geldiniz diyen Vali Y\u0131lmaz, t\u00fcm \u00e7ocuklarla ayr\u0131 ayr\u0131 ilgilenerek hediyelerini takdim etti. G\u00fcn\u00fcn an\u0131s\u0131na \u00e7ekilen toplu foto\u011fraf\u0131n ard\u0131ndan da \u00e7ocuklar, Ba\u015fkan Yard\u0131mc\u0131s\u0131 G\u00fcner ile beraber Yalova Belediyesi\u2019ne ge\u00e7ti.<\/span> <\/p>\n<p> <span style=\"font-size:14px;\"> <strong> <img alt=\"\" src=\"http:\/\/ajansyalova.com\/Images\/Thumbs\/Editor\/6100-komsuulkelericocuklarisalmanda.jpeg\" style=\"border-width: 2px; border-style: solid; margin: 2px; float: left; width: 750px; height: 273px;\" \/>\u2018Cennet Yalova\u2019m\u0131za ho\u015f geldiniz\u2019<\/strong> <\/span> <\/p>\n<p> <span style=\"font-size:14px;\">Aralar\u0131nda Azerbaycan, Bulgaristan, G\u00fcrcistan, Romanya, S\u0131rbistan, Rusya ve \u00fclkemiz \u00e7ocuklar\u0131n\u0131n da bulundu\u011fu topluluk Yalova Belediyesi Meclis Salonu\u2019nda Yalova Belediye Ba\u015fkan\u0131 Vefa Salman ve Ba\u015fkan Yard\u0131mc\u0131s\u0131 J\u00fclide G\u00fcner ile bir araya geldi. Ba\u015fkan Salman, \u201cB\u00fcy\u00fck \u00d6nder Mustafa Kemal Atat\u00fcrk\u2019\u00fcn t\u00fcm d\u00fcnya \u00e7ocuklar\u0131na arma\u011fan etti\u011fi 23 Nisan Ulusal Egemenlik ve \u00c7ocuk Bayram\u0131 i\u00e7in geldi\u011finiz \u2018Cennet Yalova\u2019m\u0131za\u2019 ho\u015f geldiniz. Sizleri kentimizde a\u011f\u0131rlamaktan \u00f6t\u00fcr\u00fc b\u00fcy\u00fck mutluluk duyuyoruz. Birincisini d\u00fczenleyece\u011fimiz Uluslararas\u0131 \u00c7ocuk Halk Danslar\u0131 festivalinde t\u00fcm gruplara ba\u015far\u0131lar dilerim\u201d dedi.<\/span> <\/p>\n<p> <span style=\"font-size:14px;\">Konu\u015fman\u0131n sonunda t\u00fcm \u00e7ocuklara lokum da\u011f\u0131tan Ba\u015fkan Salman ard\u0131ndan kom\u015fu \u00fclke \u00e7ocuklar\u0131yla beraber g\u00fcn\u00fcn an\u0131s\u0131na toplu foto\u011fraf \u00e7ektirdi.<\/span> <\/p>\n<p>&nbsp;<\/p>\n","protected":false},"excerpt":{"rendered":"<p>23 Nisan Ulusal Egemenlik ve \u00c7ocuk Bayram\u0131 kapsam\u0131nda kom\u015fu \u00fclkelerin \u00e7ocuklar\u0131, d\u00fczenlenecek kutlamalara kat\u0131lmak amac\u0131yla Yalova\u2019ya geldi. Yalova Belediyesi\u2019nin organize<\/p>\n","protected":false},"author":1,"featured_media":4741,"comment_status":"open","ping_status":"open","sticky":false,"template":"","format":"standard","meta":[],"categories":[1],"tags":[],"_links":{"self":[{"href":"http:\/\/www.mertcanpolat.com.tr\/dev\/wp-json\/wp\/v2\/posts\/4740"}],"collection":[{"href":"http:\/\/www.mertcanpolat.com.tr\/dev\/wp-json\/wp\/v2\/posts"}],"about":[{"href":"http:\/\/www.mertcanpolat.com.tr\/dev\/wp-json\/wp\/v2\/types\/post"}],"author":[{"embeddable":true,"href":"http:\/\/www.mertcanpolat.com.tr\/dev\/wp-json\/wp\/v2\/users\/1"}],"replies":[{"embeddable":true,"href":"http:\/\/www.mertcanpolat.com.tr\/dev\/wp-json\/wp\/v2\/comments?post=4740"}],"version-history":[{"count":0,"href":"http:\/\/www.mertcanpolat.com.tr\/dev\/wp-json\/wp\/v2\/posts\/4740\/revisions"}],"wp:featuredmedia":[{"embeddable":true,"href":"http:\/\/www.mertcanpolat.com.tr\/dev\/wp-json\/wp\/v2\/media\/4741"}],"wp:attachment":[{"href":"http:\/\/www.mertcanpolat.com.tr\/dev\/wp-json\/wp\/v2\/media?parent=4740"}],"wp:term":[{"taxonomy":"category","embeddable":true,"href":"http:\/\/www.mertcanpolat.com.tr\/dev\/wp-json\/wp\/v2\/categories?post=4740"},{"taxonomy":"post_tag","embeddable":true,"href":"http:\/\/www.mertcanpolat.com.tr\/dev\/wp-json\/wp\/v2\/tags?post=4740"}],"curies":[{"name":"wp","href":"https:\/\/api.w.org\/{rel}","templated":true}]}}